{"id":2993,"date":"2025-02-01T10:41:22","date_gmt":"2025-02-01T09:41:22","guid":{"rendered":"https:\/\/www.cisv.ch\/?p=2993"},"modified":"2025-02-01T11:58:44","modified_gmt":"2025-02-01T10:58:44","slug":"newsletter-february-2025","status":"publish","type":"post","link":"https:\/\/www.cisv.ch\/fr\/newsletter-february-2025\/","title":{"rendered":"Newsletter February 2025"},"content":{"rendered":"<div data-elementor-type=\"wp-post\" data-elementor-id=\"2993\" class=\"elementor elementor-2993\">\n\t\t\t\t\t\t<section class=\"elementor-section elementor-top-section elementor-element elementor-element-965815d elementor-section-boxed elementor-section-height-default elementor-section-height-default\" data-id=\"965815d\" data-element_type=\"section\">\n\t\t\t\t\t\t<div class=\"elementor-container elementor-column-gap-default\">\n\t\t\t\t\t<div class=\"elementor-column elementor-col-100 elementor-top-column elementor-element elementor-element-083ef49\" data-id=\"083ef49\" data-element_type=\"column\">\n\t\t\t<div class=\"elementor-widget-wrap elementor-element-populated\">\n\t\t\t\t\t\t<div class=\"elementor-element elementor-element-eadcd79 elementor-widget elementor-widget-text-editor\" data-id=\"eadcd79\" data-element_type=\"widget\" data-widget_type=\"text-editor.default\">\n\t\t\t\t<div class=\"elementor-widget-container\">\n\t\t\t\t\t\t\t\t\t<p><span style=\"font-weight: 400;\">Chers et ch\u00e8res membres,<\/span><\/p><p><span style=\"font-weight: 400;\">Bienvenue dans l'\u00e9dition de f\u00e9vrier de notre newsletter CISV ! Alors que nous entamons la nouvelle ann\u00e9e, nous sommes ravis de partager des mises \u00e0 jour et des histoires qui mettent en lumi\u00e8re le travail incroyable et le d\u00e9vouement de notre communaut\u00e9 CISV.\u00a0<\/span><\/p><p><span style=\"font-weight: 400;\">Dans cette \u00e9dition, nous nous concentrons sur les efforts inspirants de notre Branche Junior (JB) et les diverses activit\u00e9s pr\u00e9vues pour les mois \u00e0 venir, y compris notre family day le 30 mars \u00e0 Fribourg et notre mini-camp du 16-18 mai \u00e0 Arzier. Nous prenons \u00e9galement un moment pour r\u00e9fl\u00e9chir aux rencontres joyeuses qui ont eu lieu fin 2024. Restez \u00e0 l'\u00e9coute pour plus de d\u00e9tails et rejoignez-nous pour faire de 2025 une ann\u00e9e de croissance, d'apprentissage et d'amiti\u00e9 mondiale.<\/span><\/p><p><span style=\"font-weight: 400;\">\u00a0Continuons \u00e0 cr\u00e9er un monde meilleur, une amiti\u00e9 \u00e0 la fois !<\/span><\/p>\t\t\t\t\t\t\t\t<\/div>\n\t\t\t\t<\/div>\n\t\t\t\t\t<\/div>\n\t\t<\/div>\n\t\t\t\t\t<\/div>\n\t\t<\/section>\n\t\t\t\t<section class=\"elementor-section elementor-top-section elementor-element elementor-element-b514ba8 elementor-section-boxed elementor-section-height-default elementor-section-height-default\" data-id=\"b514ba8\" data-element_type=\"section\">\n\t\t\t\t\t\t<div class=\"elementor-container elementor-column-gap-default\">\n\t\t\t\t\t<div class=\"elementor-column elementor-col-100 elementor-top-column elementor-element elementor-element-c4930e4\" data-id=\"c4930e4\" data-element_type=\"column\">\n\t\t\t<div class=\"elementor-widget-wrap elementor-element-populated\">\n\t\t\t\t\t\t<div class=\"elementor-element elementor-element-60d1efc elementor-widget elementor-widget-heading\" data-id=\"60d1efc\" data-element_type=\"widget\" data-widget_type=\"heading.default\">\n\t\t\t\t<div class=\"elementor-widget-container\">\n\t\t\t\t\t<h2 class=\"elementor-heading-title elementor-size-default\">Retour sur le minicamp de novembre<\/h2>\t\t\t\t<\/div>\n\t\t\t\t<\/div>\n\t\t\t\t<div class=\"elementor-element elementor-element-71a78fc elementor-widget elementor-widget-text-editor\" data-id=\"71a78fc\" data-element_type=\"widget\" data-widget_type=\"text-editor.default\">\n\t\t\t\t<div class=\"elementor-widget-container\">\n\t\t\t\t\t\t\t\t\t<p><span style=\"font-weight: 400;\">Durant le premier weekend de novembre, nous avons accueilli vos enfants pour notre habituel minicamp \u00e0 Arzier. Anim\u00e9 par la JB, le weekend \u00e9tait plein de jeux, activit\u00e9s et traditions embl\u00e9matiques du CISV comme le Kiitos, le \u201ceverybody dance now\u201d ou encore les lullabies. Tout ce qu\u2019il fallait pour donner aux nouveaux un aper\u00e7u des camps et aux habitu\u00e9s la joie de revenir dans le cocon CISV. Et bien s\u00fbr, tradition des minicamps en suisse, le \u201ckiller game\u201d a \u00e9t\u00e9 remport\u00e9 par Niels Bravo !!<\/span><\/p>\t\t\t\t\t\t\t\t<\/div>\n\t\t\t\t<\/div>\n\t\t\t\t<div class=\"elementor-element elementor-element-bdc7c51 elementor-widget elementor-widget-image-gallery\" data-id=\"bdc7c51\" data-element_type=\"widget\" data-widget_type=\"image-gallery.default\">\n\t\t\t\t<div class=\"elementor-widget-container\">\n\t\t\t\t\t\t\t<div class=\"elementor-image-gallery\">\n\t\t\t<div id='gallery-1' class='gallery galleryid-2993 gallery-columns-3 gallery-size-medium_large'><figure class='gallery-item'>\n\t\t\t<div class='gallery-icon landscape'>\n\t\t\t\t<a data-elementor-open-lightbox=\"yes\" data-elementor-lightbox-slideshow=\"bdc7c51\" data-elementor-lightbox-title=\"752d2b85-da7d-41bc-a100-2c33bf015d3b\" data-e-action-hash=\"#elementor-action%3Aaction%3Dlightbox%26settings%3DeyJpZCI6Mjk5NSwidXJsIjoiaHR0cHM6XC9cL3d3dy5jaXN2LmNoXC93cC1jb250ZW50XC91cGxvYWRzXC8yMDI1XC8wMlwvNzUyZDJiODUtZGE3ZC00MWJjLWExMDAtMmMzM2JmMDE1ZDNiLmpwZyIsInNsaWRlc2hvdyI6ImJkYzdjNTEifQ%3D%3D\" href='https:\/\/www.cisv.ch\/wp-content\/uploads\/2025\/02\/752d2b85-da7d-41bc-a100-2c33bf015d3b.jpg'><img fetchpriority=\"high\" decoding=\"async\" width=\"768\" height=\"577\" src=\"https:\/\/www.cisv.ch\/wp-content\/uploads\/2025\/02\/752d2b85-da7d-41bc-a100-2c33bf015d3b-768x577.jpg\" class=\"attachment-medium_large size-medium_large\" alt=\"\" srcset=\"https:\/\/www.cisv.ch\/wp-content\/uploads\/2025\/02\/752d2b85-da7d-41bc-a100-2c33bf015d3b-768x577.jpg 768w, https:\/\/www.cisv.ch\/wp-content\/uploads\/2025\/02\/752d2b85-da7d-41bc-a100-2c33bf015d3b-300x225.jpg 300w, https:\/\/www.cisv.ch\/wp-content\/uploads\/2025\/02\/752d2b85-da7d-41bc-a100-2c33bf015d3b-1024x769.jpg 1024w, https:\/\/www.cisv.ch\/wp-content\/uploads\/2025\/02\/752d2b85-da7d-41bc-a100-2c33bf015d3b-1536x1154.jpg 1536w, https:\/\/www.cisv.ch\/wp-content\/uploads\/2025\/02\/752d2b85-da7d-41bc-a100-2c33bf015d3b-16x12.jpg 16w, https:\/\/www.cisv.ch\/wp-content\/uploads\/2025\/02\/752d2b85-da7d-41bc-a100-2c33bf015d3b.jpg 1640w\" sizes=\"(max-width: 768px) 100vw, 768px\" \/><\/a>\n\t\t\t<\/div><\/figure><figure class='gallery-item'>\n\t\t\t<div class='gallery-icon landscape'>\n\t\t\t\t<a data-elementor-open-lightbox=\"yes\" data-elementor-lightbox-slideshow=\"bdc7c51\" data-elementor-lightbox-title=\"1-ffdfdb37\" data-e-action-hash=\"#elementor-action%3Aaction%3Dlightbox%26settings%3DeyJpZCI6Mjk5OSwidXJsIjoiaHR0cHM6XC9cL3d3dy5jaXN2LmNoXC93cC1jb250ZW50XC91cGxvYWRzXC8yMDI1XC8wMlwvMS1mZmRmZGIzNy1zY2FsZWQuanBnIiwic2xpZGVzaG93IjoiYmRjN2M1MSJ9\" href='https:\/\/www.cisv.ch\/wp-content\/uploads\/2025\/02\/1-ffdfdb37-scaled.jpg'><img decoding=\"async\" width=\"768\" height=\"576\" src=\"https:\/\/www.cisv.ch\/wp-content\/uploads\/2025\/02\/1-ffdfdb37-768x576.jpg\" class=\"attachment-medium_large size-medium_large\" alt=\"\" srcset=\"https:\/\/www.cisv.ch\/wp-content\/uploads\/2025\/02\/1-ffdfdb37-768x576.jpg 768w, https:\/\/www.cisv.ch\/wp-content\/uploads\/2025\/02\/1-ffdfdb37-300x225.jpg 300w, https:\/\/www.cisv.ch\/wp-content\/uploads\/2025\/02\/1-ffdfdb37-1024x768.jpg 1024w, https:\/\/www.cisv.ch\/wp-content\/uploads\/2025\/02\/1-ffdfdb37-1536x1152.jpg 1536w, https:\/\/www.cisv.ch\/wp-content\/uploads\/2025\/02\/1-ffdfdb37-2048x1536.jpg 2048w, https:\/\/www.cisv.ch\/wp-content\/uploads\/2025\/02\/1-ffdfdb37-16x12.jpg 16w\" sizes=\"(max-width: 768px) 100vw, 768px\" \/><\/a>\n\t\t\t<\/div><\/figure><figure class='gallery-item'>\n\t\t\t<div class='gallery-icon landscape'>\n\t\t\t\t<a data-elementor-open-lightbox=\"yes\" data-elementor-lightbox-slideshow=\"bdc7c51\" data-elementor-lightbox-title=\"2-ffdfdb37\" data-e-action-hash=\"#elementor-action%3Aaction%3Dlightbox%26settings%3DeyJpZCI6MzAwMCwidXJsIjoiaHR0cHM6XC9cL3d3dy5jaXN2LmNoXC93cC1jb250ZW50XC91cGxvYWRzXC8yMDI1XC8wMlwvMi1mZmRmZGIzNy1zY2FsZWQuanBnIiwic2xpZGVzaG93IjoiYmRjN2M1MSJ9\" href='https:\/\/www.cisv.ch\/wp-content\/uploads\/2025\/02\/2-ffdfdb37-scaled.jpg'><img decoding=\"async\" width=\"768\" height=\"576\" src=\"https:\/\/www.cisv.ch\/wp-content\/uploads\/2025\/02\/2-ffdfdb37-768x576.jpg\" class=\"attachment-medium_large size-medium_large\" alt=\"\" srcset=\"https:\/\/www.cisv.ch\/wp-content\/uploads\/2025\/02\/2-ffdfdb37-768x576.jpg 768w, https:\/\/www.cisv.ch\/wp-content\/uploads\/2025\/02\/2-ffdfdb37-300x225.jpg 300w, https:\/\/www.cisv.ch\/wp-content\/uploads\/2025\/02\/2-ffdfdb37-1024x768.jpg 1024w, https:\/\/www.cisv.ch\/wp-content\/uploads\/2025\/02\/2-ffdfdb37-1536x1152.jpg 1536w, https:\/\/www.cisv.ch\/wp-content\/uploads\/2025\/02\/2-ffdfdb37-2048x1536.jpg 2048w, https:\/\/www.cisv.ch\/wp-content\/uploads\/2025\/02\/2-ffdfdb37-16x12.jpg 16w\" sizes=\"(max-width: 768px) 100vw, 768px\" \/><\/a>\n\t\t\t<\/div><\/figure>\n\t\t<\/div>\n\t\t<\/div>\n\t\t\t\t\t\t<\/div>\n\t\t\t\t<\/div>\n\t\t\t\t\t<\/div>\n\t\t<\/div>\n\t\t\t\t\t<\/div>\n\t\t<\/section>\n\t\t\t\t<section class=\"elementor-section elementor-top-section elementor-element elementor-element-f8b1b59 elementor-section-boxed elementor-section-height-default elementor-section-height-default\" data-id=\"f8b1b59\" data-element_type=\"section\">\n\t\t\t\t\t\t<div class=\"elementor-container elementor-column-gap-default\">\n\t\t\t\t\t<div class=\"elementor-column elementor-col-100 elementor-top-column elementor-element elementor-element-c05bee9\" data-id=\"c05bee9\" data-element_type=\"column\">\n\t\t\t<div class=\"elementor-widget-wrap elementor-element-populated\">\n\t\t\t\t\t\t<div class=\"elementor-element elementor-element-ad173c0 elementor-widget elementor-widget-heading\" data-id=\"ad173c0\" data-element_type=\"widget\" data-widget_type=\"heading.default\">\n\t\t\t\t<div class=\"elementor-widget-container\">\n\t\t\t\t\t<h2 class=\"elementor-heading-title elementor-size-default\">Retour sur la rencontre \u00e0 Berne<\/h2>\t\t\t\t<\/div>\n\t\t\t\t<\/div>\n\t\t\t\t<div class=\"elementor-element elementor-element-00e1f0a elementor-widget elementor-widget-text-editor\" data-id=\"00e1f0a\" data-element_type=\"widget\" data-widget_type=\"text-editor.default\">\n\t\t\t\t<div class=\"elementor-widget-container\">\n\t\t\t\t\t\t\t\t\t<p><span style=\"font-weight: 400;\">Le 15 d\u00e9cembre, la Branche Junior (JB) et plusieurs familles CISV se sont retrouv\u00e9es au March\u00e9 de No\u00ebl de Berne pour une rencontre joyeuse. <\/span><\/p><p><span style=\"font-weight: 400;\">Nous nous sommes r\u00e9unis \u00e0 midi et avons appr\u00e9ci\u00e9 un d\u00e9licieux d\u00e9jeuner au march\u00e9, suivi d'une activit\u00e9 engageante et \u00e9ducative organis\u00e9e par la JB dans l'apr\u00e8s-midi. En effet, nous avons pu nous promener dans Berne tout en profitant d'une charmante chasse au tr\u00e9sor \u00e0 travers les monuments de Berne, agr\u00e9ment\u00e9e d'activit\u00e9s CISV.<\/span><\/p><p><span style=\"font-weight: 400;\">\u00a0C'\u00e9tait une belle occasion de se retrouver avant les vacances et de s'impr\u00e9gner de l'atmosph\u00e8re festive. Nous avons tous h\u00e2te de retrouver la \u201dCISV family\u201d au mois de mai pour notre traditionnel minicamp (voir save the date ci-dessous)!<\/span><\/p>\t\t\t\t\t\t\t\t<\/div>\n\t\t\t\t<\/div>\n\t\t\t\t<div class=\"elementor-element elementor-element-5327e9a elementor-widget elementor-widget-image-gallery\" data-id=\"5327e9a\" data-element_type=\"widget\" data-widget_type=\"image-gallery.default\">\n\t\t\t\t<div class=\"elementor-widget-container\">\n\t\t\t\t\t\t\t<div class=\"elementor-image-gallery\">\n\t\t\t<div id='gallery-2' class='gallery galleryid-2993 gallery-columns-2 gallery-size-medium'><figure class='gallery-item'>\n\t\t\t<div class='gallery-icon landscape'>\n\t\t\t\t<a data-elementor-open-lightbox=\"yes\" data-elementor-lightbox-slideshow=\"5327e9a\" data-elementor-lightbox-title=\"unnamed-3\" data-e-action-hash=\"#elementor-action%3Aaction%3Dlightbox%26settings%3DeyJpZCI6MzAwMSwidXJsIjoiaHR0cHM6XC9cL3d3dy5jaXN2LmNoXC93cC1jb250ZW50XC91cGxvYWRzXC8yMDI1XC8wMlwvdW5uYW1lZC0zLmpwZyIsInNsaWRlc2hvdyI6IjUzMjdlOWEifQ%3D%3D\" href='https:\/\/www.cisv.ch\/wp-content\/uploads\/2025\/02\/unnamed-3.jpg'><img loading=\"lazy\" decoding=\"async\" width=\"300\" height=\"225\" src=\"https:\/\/www.cisv.ch\/wp-content\/uploads\/2025\/02\/unnamed-3-300x225.jpg\" class=\"attachment-medium size-medium\" alt=\"\" srcset=\"https:\/\/www.cisv.ch\/wp-content\/uploads\/2025\/02\/unnamed-3-300x225.jpg 300w, https:\/\/www.cisv.ch\/wp-content\/uploads\/2025\/02\/unnamed-3-16x12.jpg 16w, https:\/\/www.cisv.ch\/wp-content\/uploads\/2025\/02\/unnamed-3.jpg 512w\" sizes=\"(max-width: 300px) 100vw, 300px\" \/><\/a>\n\t\t\t<\/div><\/figure><figure class='gallery-item'>\n\t\t\t<div class='gallery-icon landscape'>\n\t\t\t\t<a data-elementor-open-lightbox=\"yes\" data-elementor-lightbox-slideshow=\"5327e9a\" data-elementor-lightbox-title=\"unnamed-2\" data-e-action-hash=\"#elementor-action%3Aaction%3Dlightbox%26settings%3DeyJpZCI6MzAwMiwidXJsIjoiaHR0cHM6XC9cL3d3dy5jaXN2LmNoXC93cC1jb250ZW50XC91cGxvYWRzXC8yMDI1XC8wMlwvdW5uYW1lZC0yLmpwZyIsInNsaWRlc2hvdyI6IjUzMjdlOWEifQ%3D%3D\" href='https:\/\/www.cisv.ch\/wp-content\/uploads\/2025\/02\/unnamed-2.jpg'><img loading=\"lazy\" decoding=\"async\" width=\"300\" height=\"225\" src=\"https:\/\/www.cisv.ch\/wp-content\/uploads\/2025\/02\/unnamed-2-300x225.jpg\" class=\"attachment-medium size-medium\" alt=\"\" srcset=\"https:\/\/www.cisv.ch\/wp-content\/uploads\/2025\/02\/unnamed-2-300x225.jpg 300w, https:\/\/www.cisv.ch\/wp-content\/uploads\/2025\/02\/unnamed-2-16x12.jpg 16w, https:\/\/www.cisv.ch\/wp-content\/uploads\/2025\/02\/unnamed-2.jpg 512w\" sizes=\"(max-width: 300px) 100vw, 300px\" \/><\/a>\n\t\t\t<\/div><\/figure><figure class='gallery-item'>\n\t\t\t<div class='gallery-icon landscape'>\n\t\t\t\t<a data-elementor-open-lightbox=\"yes\" data-elementor-lightbox-slideshow=\"5327e9a\" data-elementor-lightbox-title=\"unnamed\" data-e-action-hash=\"#elementor-action%3Aaction%3Dlightbox%26settings%3DeyJpZCI6MzAwMywidXJsIjoiaHR0cHM6XC9cL3d3dy5jaXN2LmNoXC93cC1jb250ZW50XC91cGxvYWRzXC8yMDI1XC8wMlwvdW5uYW1lZC5qcGciLCJzbGlkZXNob3ciOiI1MzI3ZTlhIn0%3D\" href='https:\/\/www.cisv.ch\/wp-content\/uploads\/2025\/02\/unnamed.jpg'><img loading=\"lazy\" decoding=\"async\" width=\"300\" height=\"225\" src=\"https:\/\/www.cisv.ch\/wp-content\/uploads\/2025\/02\/unnamed-300x225.jpg\" class=\"attachment-medium size-medium\" alt=\"\" srcset=\"https:\/\/www.cisv.ch\/wp-content\/uploads\/2025\/02\/unnamed-300x225.jpg 300w, https:\/\/www.cisv.ch\/wp-content\/uploads\/2025\/02\/unnamed-16x12.jpg 16w, https:\/\/www.cisv.ch\/wp-content\/uploads\/2025\/02\/unnamed.jpg 512w\" sizes=\"(max-width: 300px) 100vw, 300px\" \/><\/a>\n\t\t\t<\/div><\/figure><figure class='gallery-item'>\n\t\t\t<div class='gallery-icon landscape'>\n\t\t\t\t<a data-elementor-open-lightbox=\"yes\" data-elementor-lightbox-slideshow=\"5327e9a\" data-elementor-lightbox-title=\"6c8d18e3-6e91-4f70-bc9c-827cd6719758\" data-e-action-hash=\"#elementor-action%3Aaction%3Dlightbox%26settings%3DeyJpZCI6MzAwNCwidXJsIjoiaHR0cHM6XC9cL3d3dy5jaXN2LmNoXC93cC1jb250ZW50XC91cGxvYWRzXC8yMDI1XC8wMlwvNmM4ZDE4ZTMtNmU5MS00ZjcwLWJjOWMtODI3Y2Q2NzE5NzU4LmpwZyIsInNsaWRlc2hvdyI6IjUzMjdlOWEifQ%3D%3D\" href='https:\/\/www.cisv.ch\/wp-content\/uploads\/2025\/02\/6c8d18e3-6e91-4f70-bc9c-827cd6719758.jpg'><img loading=\"lazy\" decoding=\"async\" width=\"300\" height=\"225\" src=\"https:\/\/www.cisv.ch\/wp-content\/uploads\/2025\/02\/6c8d18e3-6e91-4f70-bc9c-827cd6719758-300x225.jpg\" class=\"attachment-medium size-medium\" alt=\"\" srcset=\"https:\/\/www.cisv.ch\/wp-content\/uploads\/2025\/02\/6c8d18e3-6e91-4f70-bc9c-827cd6719758-300x225.jpg 300w, https:\/\/www.cisv.ch\/wp-content\/uploads\/2025\/02\/6c8d18e3-6e91-4f70-bc9c-827cd6719758-1024x768.jpg 1024w, https:\/\/www.cisv.ch\/wp-content\/uploads\/2025\/02\/6c8d18e3-6e91-4f70-bc9c-827cd6719758-768x576.jpg 768w, https:\/\/www.cisv.ch\/wp-content\/uploads\/2025\/02\/6c8d18e3-6e91-4f70-bc9c-827cd6719758-1536x1152.jpg 1536w, https:\/\/www.cisv.ch\/wp-content\/uploads\/2025\/02\/6c8d18e3-6e91-4f70-bc9c-827cd6719758-16x12.jpg 16w, https:\/\/www.cisv.ch\/wp-content\/uploads\/2025\/02\/6c8d18e3-6e91-4f70-bc9c-827cd6719758.jpg 2048w\" sizes=\"(max-width: 300px) 100vw, 300px\" \/><\/a>\n\t\t\t<\/div><\/figure><figure class='gallery-item'>\n\t\t\t<div class='gallery-icon landscape'>\n\t\t\t\t<a data-elementor-open-lightbox=\"yes\" data-elementor-lightbox-slideshow=\"5327e9a\" data-elementor-lightbox-title=\"b656e5ac-2d1f-4a6b-b5df-d1a23580eb76\" data-e-action-hash=\"#elementor-action%3Aaction%3Dlightbox%26settings%3DeyJpZCI6MzAwNSwidXJsIjoiaHR0cHM6XC9cL3d3dy5jaXN2LmNoXC93cC1jb250ZW50XC91cGxvYWRzXC8yMDI1XC8wMlwvYjY1NmU1YWMtMmQxZi00YTZiLWI1ZGYtZDFhMjM1ODBlYjc2LmpwZyIsInNsaWRlc2hvdyI6IjUzMjdlOWEifQ%3D%3D\" href='https:\/\/www.cisv.ch\/wp-content\/uploads\/2025\/02\/b656e5ac-2d1f-4a6b-b5df-d1a23580eb76.jpg'><img loading=\"lazy\" decoding=\"async\" width=\"300\" height=\"225\" src=\"https:\/\/www.cisv.ch\/wp-content\/uploads\/2025\/02\/b656e5ac-2d1f-4a6b-b5df-d1a23580eb76-300x225.jpg\" class=\"attachment-medium size-medium\" alt=\"\" srcset=\"https:\/\/www.cisv.ch\/wp-content\/uploads\/2025\/02\/b656e5ac-2d1f-4a6b-b5df-d1a23580eb76-300x225.jpg 300w, https:\/\/www.cisv.ch\/wp-content\/uploads\/2025\/02\/b656e5ac-2d1f-4a6b-b5df-d1a23580eb76-1024x768.jpg 1024w, https:\/\/www.cisv.ch\/wp-content\/uploads\/2025\/02\/b656e5ac-2d1f-4a6b-b5df-d1a23580eb76-768x576.jpg 768w, https:\/\/www.cisv.ch\/wp-content\/uploads\/2025\/02\/b656e5ac-2d1f-4a6b-b5df-d1a23580eb76-1536x1152.jpg 1536w, https:\/\/www.cisv.ch\/wp-content\/uploads\/2025\/02\/b656e5ac-2d1f-4a6b-b5df-d1a23580eb76-16x12.jpg 16w, https:\/\/www.cisv.ch\/wp-content\/uploads\/2025\/02\/b656e5ac-2d1f-4a6b-b5df-d1a23580eb76.jpg 2048w\" sizes=\"(max-width: 300px) 100vw, 300px\" \/><\/a>\n\t\t\t<\/div><\/figure>\n\t\t<\/div>\n\t\t<\/div>\n\t\t\t\t\t\t<\/div>\n\t\t\t\t<\/div>\n\t\t\t\t\t<\/div>\n\t\t<\/div>\n\t\t\t\t\t<\/div>\n\t\t<\/section>\n\t\t\t\t<section class=\"elementor-section elementor-top-section elementor-element elementor-element-aba09c6 elementor-section-boxed elementor-section-height-default elementor-section-height-default\" data-id=\"aba09c6\" data-element_type=\"section\">\n\t\t\t\t\t\t<div class=\"elementor-container elementor-column-gap-default\">\n\t\t\t\t\t<div class=\"elementor-column elementor-col-100 elementor-top-column elementor-element elementor-element-d24527d\" data-id=\"d24527d\" data-element_type=\"column\">\n\t\t\t<div class=\"elementor-widget-wrap elementor-element-populated\">\n\t\t\t\t\t\t<div class=\"elementor-element elementor-element-2d77179 elementor-widget elementor-widget-heading\" data-id=\"2d77179\" data-element_type=\"widget\" data-widget_type=\"heading.default\">\n\t\t\t\t<div class=\"elementor-widget-container\">\n\t\t\t\t\t<h2 class=\"elementor-heading-title elementor-size-default\">FOCUS : Les r\u00f4les de leader et staff<\/h2>\t\t\t\t<\/div>\n\t\t\t\t<\/div>\n\t\t\t\t<div class=\"elementor-element elementor-element-270a18e elementor-widget elementor-widget-image\" data-id=\"270a18e\" data-element_type=\"widget\" data-widget_type=\"image.default\">\n\t\t\t\t<div class=\"elementor-widget-container\">\n\t\t\t\t\t\t\t\t\t\t\t\t\t\t\t<img loading=\"lazy\" decoding=\"async\" width=\"150\" height=\"150\" src=\"https:\/\/www.cisv.ch\/wp-content\/uploads\/2024\/10\/unnamed-150x150.png\" class=\"attachment-thumbnail size-thumbnail wp-image-2958\" alt=\"\" srcset=\"https:\/\/www.cisv.ch\/wp-content\/uploads\/2024\/10\/unnamed-150x150.png 150w, https:\/\/www.cisv.ch\/wp-content\/uploads\/2024\/10\/unnamed-300x300.png 300w, https:\/\/www.cisv.ch\/wp-content\/uploads\/2024\/10\/unnamed-12x12.png 12w, https:\/\/www.cisv.ch\/wp-content\/uploads\/2024\/10\/unnamed.png 313w\" sizes=\"(max-width: 150px) 100vw, 150px\" \/>\t\t\t\t\t\t\t\t\t\t\t\t\t\t\t<\/div>\n\t\t\t\t<\/div>\n\t\t\t\t<div class=\"elementor-element elementor-element-aa9c358 elementor-widget elementor-widget-text-editor\" data-id=\"aa9c358\" data-element_type=\"widget\" data-widget_type=\"text-editor.default\">\n\t\t\t\t<div class=\"elementor-widget-container\">\n\t\t\t\t\t\t\t\t\t<p><span style=\"font-weight: 400;\">Nous recherchons toujours des <\/span><b>leaders <\/b><span style=\"font-weight: 400;\">pour guider nos d\u00e9l\u00e9gations de 2025 (principalement des Youth Meetings du 28-29 juin au 12-13 juillet en Su\u00e8de et au Canada) <\/span><b>et du staff<\/b><span style=\"font-weight: 400;\"> pour rejoindre notre excellente \u00e9quipe pour le Youth Meeting que nous organisons \u00e0 Gen\u00e8ve du 5 au 19 juillet. Quelques rappels sur les r\u00f4les pour que vous puissiez nous envoyer de bons candidats ! <\/span><\/p><p><span style=\"font-weight: 400;\">Le <\/span><b>leader <\/b><span style=\"font-weight: 400;\">est un\/une accompagnant(e) encadrant une d\u00e9l\u00e9gation de quatre enfants qui :<\/span><\/p><ul><li style=\"font-weight: 400;\" aria-level=\"1\"><span style=\"font-weight: 400;\">a 21 ans ou plus<\/span><\/li><li style=\"font-weight: 400;\" aria-level=\"1\"><span style=\"font-weight: 400;\">Parle couramment l'anglais (d'autres langues sont un plus)<\/span><\/li><li style=\"font-weight: 400;\" aria-level=\"1\"><span style=\"font-weight: 400;\">Est responsable, adaptable et ouvert d'esprit<\/span><\/li><li style=\"font-weight: 400;\" aria-level=\"1\"><span style=\"font-weight: 400;\">Partage la mission et les valeurs de CISV<\/span><\/li><\/ul><p><span style=\"font-weight: 400;\">Un leader CISV a l'opportunit\u00e9 de :<\/span><\/p><ul><li style=\"font-weight: 400;\" aria-level=\"1\"><span style=\"font-weight: 400;\">Inspirer et encadrer les jeunes : Guider et soutenir les jeunes participants du monde entier, les aidant \u00e0 d\u00e9velopper leur potentiel et \u00e0 devenir des citoyens du monde.<\/span><\/li><li style=\"font-weight: 400;\" aria-level=\"1\"><span style=\"font-weight: 400;\">Vivre un \u00e9change culturel : S'immerger dans diff\u00e9rentes cultures, apprendre de nouvelles perspectives et se constituer un r\u00e9seau mondial d'amis.<\/span><\/li><li style=\"font-weight: 400;\" aria-level=\"1\"><span style=\"font-weight: 400;\">D\u00e9velopper des comp\u00e9tences en leadership : Acqu\u00e9rir une exp\u00e9rience pr\u00e9cieuse en gestion d'\u00e9quipe, r\u00e9solution de conflits et communication interculturelle.<\/span><\/li><li style=\"font-weight: 400;\" aria-level=\"1\"><span style=\"font-weight: 400;\">Avoir un impact positif : Contribuer \u00e0 cr\u00e9er un monde plus juste et pacifique gr\u00e2ce \u00e0 des activit\u00e9s \u00e9ducatives et des projets communautaires.<\/span><\/li><\/ul><p><span style=\"font-weight: 400;\">Le <\/span><b>staff <\/b><span style=\"font-weight: 400;\">est un jeune adulte de 21 ans et plus et fait partie des coordinateurs d'un camp. Les staff jouent un r\u00f4le crucial dans le succ\u00e8s du programme et la s\u00e9curit\u00e9 de tous les participants. Entre autres choses, ils :<\/span><\/p><ul><li style=\"font-weight: 400;\" aria-level=\"1\"><span style=\"font-weight: 400;\">Planifient des activit\u00e9s, guident les leaders et les participants et assurent le bon d\u00e9roulement du programme.<\/span><\/li><li style=\"font-weight: 400;\" aria-level=\"1\"><span style=\"font-weight: 400;\">Travaillent en \u00e9troite collaboration avec une \u00e9quipe engag\u00e9e pour cr\u00e9er une exp\u00e9rience positive et \u00e9ducative pour tous.<\/span><\/li><\/ul><ul><li style=\"font-weight: 400;\" aria-level=\"1\"><span style=\"font-weight: 400;\">Ont de solides comp\u00e9tences en communication et en organisation et une passion pour travailler avec les jeunes et cr\u00e9er un environnement s\u00fbr et inclusif.<\/span><\/li><\/ul><p><span style=\"font-weight: 400;\">Le staff CISV a l'opportunit\u00e9 de guider les participants et les adultes dans leur exp\u00e9rience \u00e9ducative, de d\u00e9velopper de nouvelles comp\u00e9tences et de cr\u00e9er des liens durables avec le groupe de leadership et les participants.<\/span><\/p><p><span style=\"font-weight: 400;\">Nous comptons sur vous pour partager ces opportunit\u00e9s avec votre r\u00e9seau et nous envoyer tout(e)s candidat(e)s potentiel(le)s : leader@cisv.ch.<\/span><\/p>\t\t\t\t\t\t\t\t<\/div>\n\t\t\t\t<\/div>\n\t\t\t\t\t<\/div>\n\t\t<\/div>\n\t\t\t\t\t<\/div>\n\t\t<\/section>\n\t\t\t\t<section class=\"elementor-section elementor-top-section elementor-element elementor-element-5ef1871 elementor-section-boxed elementor-section-height-default elementor-section-height-default\" data-id=\"5ef1871\" data-element_type=\"section\">\n\t\t\t\t\t\t<div class=\"elementor-container elementor-column-gap-default\">\n\t\t\t\t\t<div class=\"elementor-column elementor-col-100 elementor-top-column elementor-element elementor-element-db7ce9b\" data-id=\"db7ce9b\" data-element_type=\"column\">\n\t\t\t<div class=\"elementor-widget-wrap elementor-element-populated\">\n\t\t\t\t\t\t<div class=\"elementor-element elementor-element-5e5bc1e elementor-widget elementor-widget-heading\" data-id=\"5e5bc1e\" data-element_type=\"widget\" data-widget_type=\"heading.default\">\n\t\t\t\t<div class=\"elementor-widget-container\">\n\t\t\t\t\t<h2 class=\"elementor-heading-title elementor-size-default\">Nouveaux volontaires<\/h2>\t\t\t\t<\/div>\n\t\t\t\t<\/div>\n\t\t\t\t<div class=\"elementor-element elementor-element-9109492 elementor-widget elementor-widget-text-editor\" data-id=\"9109492\" data-element_type=\"widget\" data-widget_type=\"text-editor.default\">\n\t\t\t\t<div class=\"elementor-widget-container\">\n\t\t\t\t\t\t\t\t\t<p><span style=\"font-weight: 400;\">Nous sommes ravis d\u2019accueillir dans notre \u00e9quipe plusieurs nouveaux volontaires qui se sont propos\u00e9s pour nous aider ! Bienvenue \u00e0\u00a0<\/span><\/p><p><span style=\"font-weight: 400;\"><strong>Maristella<\/strong>, <strong>Samanta<\/strong> et <strong>Marco<\/strong> au secr\u00e9tariat,<\/span><\/p><p><span style=\"font-weight: 400;\"><strong>Pablo<\/strong> \u00e0 la coordination des b\u00e9n\u00e9voles mini-camp,<\/span><\/p><p><span style=\"font-weight: 400;\"><strong>Fabian<\/strong> \u00e0 la coordination des camps d\u2019accueil<\/span><\/p><p><span style=\"font-weight: 400;\"><strong>Zina<\/strong> pour le fundraising<\/span><\/p><p><span style=\"font-weight: 400;\">Et <strong>Cl\u00e9mence<\/strong> en tant que NJR Junior!<\/span><\/p><p><span style=\"font-weight: 400;\">Merci beaucoup pour votre engagement et nous nous r\u00e9jouissons de travailler avec vous !<\/span><\/p>\t\t\t\t\t\t\t\t<\/div>\n\t\t\t\t<\/div>\n\t\t\t\t\t<\/div>\n\t\t<\/div>\n\t\t\t\t\t<\/div>\n\t\t<\/section>\n\t\t\t\t<section class=\"elementor-section elementor-top-section elementor-element elementor-element-4f90cc9 elementor-section-boxed elementor-section-height-default elementor-section-height-default\" data-id=\"4f90cc9\" data-element_type=\"section\">\n\t\t\t\t\t\t<div class=\"elementor-container elementor-column-gap-default\">\n\t\t\t\t\t<div class=\"elementor-column elementor-col-100 elementor-top-column elementor-element elementor-element-4cb1728\" data-id=\"4cb1728\" data-element_type=\"column\">\n\t\t\t<div class=\"elementor-widget-wrap elementor-element-populated\">\n\t\t\t\t\t\t<div class=\"elementor-element elementor-element-654bdb5 elementor-widget elementor-widget-heading\" data-id=\"654bdb5\" data-element_type=\"widget\" data-widget_type=\"heading.default\">\n\t\t\t\t<div class=\"elementor-widget-container\">\n\t\t\t\t\t<h2 class=\"elementor-heading-title elementor-size-default\">Dates importantes<\/h2>\t\t\t\t<\/div>\n\t\t\t\t<\/div>\n\t\t\t\t<div class=\"elementor-element elementor-element-52d8321 elementor-widget elementor-widget-text-editor\" data-id=\"52d8321\" data-element_type=\"widget\" data-widget_type=\"text-editor.default\">\n\t\t\t\t<div class=\"elementor-widget-container\">\n\t\t\t\t\t\t\t\t\t<p><span style=\"font-weight: 400;\">Veuillez noter les dates suivantes dans vos calendriers ! Nos prochaines rencontres sont :<\/span><\/p><ul><li><span style=\"font-weight: 400;\">3 f\u00e9vrier S\u00e9ance de questions-r\u00e9ponses en ligne pour les parents d'enfants souhaitant participer aux camps en 2025<\/span><\/li><li><span style=\"font-weight: 400;\">30 mars : Journ\u00e9e familiale \u00e0 Fribourg<\/span><\/li><li class=\"translation-block\">16-18 mai : Mini-camp \u00e0 Arzier (VD). Les jeunes de 15 ans et + seront convi\u00e9s d\u00e8s le vendredi 16 mai au soir \u00e0 partir de 19h30 pour un buffet canadien et les plus jeunes sont les bienvenus le samedi 17 mai \u00e0 partir de 10h.<\/li><\/ul><p><span style=\"font-weight: 400;\">Pourront participer tous les enfants qui seront en \u00e2ge de partir l\u2019\u00e9t\u00e9 prochain, c'est-\u00e0-dire ceux n\u00e9s avant le 31 ao\u00fbt 2014. C\u2019est l\u2019occasion id\u00e9ale pour les nouveaux participants et leur famille de d\u00e9couvrir le monde du CISV.\u00a0<\/span><\/p><p class=\"translation-block\"><span style=\"font-weight: 400\">Plus d\u2019informations seront envoy\u00e9es tr\u00e8s prochainement par email mais vous pouvez d\u2019ores et d\u00e9j\u00e0 inscrire vos enfants en cliquant <\/span><a href=\"https:\/\/forms.gle\/KAb227D4iLw9PVcX8\" target=\"_self\"><span style=\"font-weight: 400\">ici<\/span><\/a><span style=\"font-weight: 400\">. Nous avons besoin de b\u00e9n\u00e9voles pour nous aider en cuisine le samedi et le dimanche, et le dimanche pour le nettoyage du camp. Vous pouvez vous inscrire \u00e0 travers le Google Form.<\/span><\/p>\t\t\t\t\t\t\t\t<\/div>\n\t\t\t\t<\/div>\n\t\t\t\t<div class=\"elementor-element elementor-element-0dd2e90 elementor-widget-divider--view-line elementor-widget elementor-widget-divider\" data-id=\"0dd2e90\" data-element_type=\"widget\" data-widget_type=\"divider.default\">\n\t\t\t\t<div class=\"elementor-widget-container\">\n\t\t\t\t\t\t\t<div class=\"elementor-divider\">\n\t\t\t<span class=\"elementor-divider-separator\">\n\t\t\t\t\t\t<\/span>\n\t\t<\/div>\n\t\t\t\t\t\t<\/div>\n\t\t\t\t<\/div>\n\t\t\t\t\t<\/div>\n\t\t<\/div>\n\t\t\t\t\t<\/div>\n\t\t<\/section>\n\t\t\t\t<section class=\"elementor-section elementor-top-section elementor-element elementor-element-cf74e78 elementor-section-boxed elementor-section-height-default elementor-section-height-default\" data-id=\"cf74e78\" data-element_type=\"section\">\n\t\t\t\t\t\t<div class=\"elementor-container elementor-column-gap-default\">\n\t\t\t\t\t<div class=\"elementor-column elementor-col-100 elementor-top-column elementor-element elementor-element-6833a26\" data-id=\"6833a26\" data-element_type=\"column\">\n\t\t\t<div class=\"elementor-widget-wrap elementor-element-populated\">\n\t\t\t\t\t\t<div class=\"elementor-element elementor-element-220b7f0 elementor-widget elementor-widget-text-editor\" data-id=\"220b7f0\" data-element_type=\"widget\" data-widget_type=\"text-editor.default\">\n\t\t\t\t<div class=\"elementor-widget-container\">\n\t\t\t\t\t\t\t\t\t<p><b>Suivez-nous sur Facebook\/Instagram<\/b><\/p><p><span style=\"font-weight: 400;\">N'h\u00e9sitez pas \u00e0 suivre CISV Suisse et \u00e0 partager nos nouvelles sur les r\u00e9seaux sociaux pour nous aider \u00e0 diffuser l'information et \u00e0 \u00e9largir le nombre de nos membres :<\/span><\/p><p><span style=\"font-weight: 400;\">Instagram: cisv_switzerland<\/span><\/p><p><span style=\"font-weight: 400;\">Facebook: CISV Switzerland<\/span><\/p><p><br style=\"font-weight: 400;\" \/><br style=\"font-weight: 400;\" \/><br \/><\/p>\t\t\t\t\t\t\t\t<\/div>\n\t\t\t\t<\/div>\n\t\t\t\t\t<\/div>\n\t\t<\/div>\n\t\t\t\t\t<\/div>\n\t\t<\/section>\n\t\t\t\t<\/div>","protected":false},"excerpt":{"rendered":"<p>Dear members, Welcome to the February edition of our CISV newsletter! As we step into the new year, we are excited to share updates and stories that highlight the incredible work and dedication of our CISV community.\u00a0 In this edition, we focus on the inspiring efforts of our Junior Branch (JB) and the various activities [&hellip;]<\/p>","protected":false},"author":1,"featured_media":3005,"comment_status":"closed","ping_status":"closed","sticky":false,"template":"","format":"standard","meta":{"ocean_post_layout":"","ocean_both_sidebars_style":"","ocean_both_sidebars_content_width":0,"ocean_both_sidebars_sidebars_width":0,"ocean_sidebar":"","ocean_second_sidebar":"","ocean_disable_margins":"enable","ocean_add_body_class":"","ocean_shortcode_before_top_bar":"","ocean_shortcode_after_top_bar":"","ocean_shortcode_before_header":"","ocean_shortcode_after_header":"","ocean_has_shortcode":"","ocean_shortcode_after_title":"","ocean_shortcode_before_footer_widgets":"","ocean_shortcode_after_footer_widgets":"","ocean_shortcode_before_footer_bottom":"","ocean_shortcode_after_footer_bottom":"","ocean_display_top_bar":"default","ocean_display_header":"default","ocean_header_style":"","ocean_center_header_left_menu":"","ocean_custom_header_template":"","ocean_custom_logo":0,"ocean_custom_retina_logo":0,"ocean_custom_logo_max_width":0,"ocean_custom_logo_tablet_max_width":0,"ocean_custom_logo_mobile_max_width":0,"ocean_custom_logo_max_height":0,"ocean_custom_logo_tablet_max_height":0,"ocean_custom_logo_mobile_max_height":0,"ocean_header_custom_menu":"","ocean_menu_typo_font_family":"","ocean_menu_typo_font_subset":"","ocean_menu_typo_font_size":0,"ocean_menu_typo_font_size_tablet":0,"ocean_menu_typo_font_size_mobile":0,"ocean_menu_typo_font_size_unit":"px","ocean_menu_typo_font_weight":"","ocean_menu_typo_font_weight_tablet":"","ocean_menu_typo_font_weight_mobile":"","ocean_menu_typo_transform":"","ocean_menu_typo_transform_tablet":"","ocean_menu_typo_transform_mobile":"","ocean_menu_typo_line_height":0,"ocean_menu_typo_line_height_tablet":0,"ocean_menu_typo_line_height_mobile":0,"ocean_menu_typo_line_height_unit":"","ocean_menu_typo_spacing":0,"ocean_menu_typo_spacing_tablet":0,"ocean_menu_typo_spacing_mobile":0,"ocean_menu_typo_spacing_unit":"","ocean_menu_link_color":"","ocean_menu_link_color_hover":"","ocean_menu_link_color_active":"","ocean_menu_link_background":"","ocean_menu_link_hover_background":"","ocean_menu_link_active_background":"","ocean_menu_social_links_bg":"","ocean_menu_social_hover_links_bg":"","ocean_menu_social_links_color":"","ocean_menu_social_hover_links_color":"","ocean_disable_title":"default","ocean_disable_heading":"default","ocean_post_title":"","ocean_post_subheading":"","ocean_post_title_style":"","ocean_post_title_background_color":"","ocean_post_title_background":0,"ocean_post_title_bg_image_position":"","ocean_post_title_bg_image_attachment":"","ocean_post_title_bg_image_repeat":"","ocean_post_title_bg_image_size":"","ocean_post_title_height":0,"ocean_post_title_bg_overlay":0.5,"ocean_post_title_bg_overlay_color":"","ocean_disable_breadcrumbs":"default","ocean_breadcrumbs_color":"","ocean_breadcrumbs_separator_color":"","ocean_breadcrumbs_links_color":"","ocean_breadcrumbs_links_hover_color":"","ocean_display_footer_widgets":"default","ocean_display_footer_bottom":"default","ocean_custom_footer_template":"","ocean_post_oembed":"","ocean_post_self_hosted_media":"","ocean_post_video_embed":"","ocean_link_format":"","ocean_link_format_target":"self","ocean_quote_format":"","ocean_quote_format_link":"post","ocean_gallery_link_images":"on","ocean_gallery_id":[],"footnotes":""},"categories":[201],"tags":[],"class_list":["post-2993","post","type-post","status-publish","format-standard","has-post-thumbnail","hentry","category-news","entry","has-media"],"_links":{"self":[{"href":"https:\/\/www.cisv.ch\/fr\/wp-json\/wp\/v2\/posts\/2993","targetHints":{"allow":["GET"]}}],"collection":[{"href":"https:\/\/www.cisv.ch\/fr\/wp-json\/wp\/v2\/posts"}],"about":[{"href":"https:\/\/www.cisv.ch\/fr\/wp-json\/wp\/v2\/types\/post"}],"author":[{"embeddable":true,"href":"https:\/\/www.cisv.ch\/fr\/wp-json\/wp\/v2\/users\/1"}],"replies":[{"embeddable":true,"href":"https:\/\/www.cisv.ch\/fr\/wp-json\/wp\/v2\/comments?post=2993"}],"version-history":[{"count":14,"href":"https:\/\/www.cisv.ch\/fr\/wp-json\/wp\/v2\/posts\/2993\/revisions"}],"predecessor-version":[{"id":3018,"href":"https:\/\/www.cisv.ch\/fr\/wp-json\/wp\/v2\/posts\/2993\/revisions\/3018"}],"wp:featuredmedia":[{"embeddable":true,"href":"https:\/\/www.cisv.ch\/fr\/wp-json\/wp\/v2\/media\/3005"}],"wp:attachment":[{"href":"https:\/\/www.cisv.ch\/fr\/wp-json\/wp\/v2\/media?parent=2993"}],"wp:term":[{"taxonomy":"category","embeddable":true,"href":"https:\/\/www.cisv.ch\/fr\/wp-json\/wp\/v2\/categories?post=2993"},{"taxonomy":"post_tag","embeddable":true,"href":"https:\/\/www.cisv.ch\/fr\/wp-json\/wp\/v2\/tags?post=2993"}],"curies":[{"name":"wp","href":"https:\/\/api.w.org\/{rel}","templated":true}]}}