{"id":2882,"date":"2024-05-31T17:43:46","date_gmt":"2024-05-31T15:43:46","guid":{"rendered":"https:\/\/www.cisv.ch\/?p=2882"},"modified":"2024-05-31T17:53:34","modified_gmt":"2024-05-31T15:53:34","slug":"newsletter-june-2024","status":"publish","type":"post","link":"https:\/\/www.cisv.ch\/fr\/newsletter-june-2024\/","title":{"rendered":"Newsletter June 2024"},"content":{"rendered":"<div data-elementor-type=\"wp-post\" data-elementor-id=\"2882\" class=\"elementor elementor-2882\">\n\t\t\t\t\t\t<section class=\"elementor-section elementor-top-section elementor-element elementor-element-3a1d67d elementor-section-boxed elementor-section-height-default elementor-section-height-default\" data-id=\"3a1d67d\" data-element_type=\"section\">\n\t\t\t\t\t\t<div class=\"elementor-container elementor-column-gap-default\">\n\t\t\t\t\t<div class=\"elementor-column elementor-col-100 elementor-top-column elementor-element elementor-element-4540147\" data-id=\"4540147\" data-element_type=\"column\">\n\t\t\t<div class=\"elementor-widget-wrap elementor-element-populated\">\n\t\t\t\t\t\t<div class=\"elementor-element elementor-element-6d61ffd elementor-widget elementor-widget-text-editor\" data-id=\"6d61ffd\" data-element_type=\"widget\" data-widget_type=\"text-editor.default\">\n\t\t\t\t<div class=\"elementor-widget-container\">\n\t\t\t\t\t\t\t\t\t<p><span style=\"font-weight: 400;\">Chers et ch\u00e8res membres,<\/span><\/p><p><span style=\"font-weight: 400;\">Nous avons le plaisir de partager avec vous notre Newsletter CISV Switzerland du mois de juin ! C'est l'occasion de partager avec vous les derniers d\u00e9veloppements de notre association. N'h\u00e9sitez pas \u00e0 nous faire part de vos contributions et suggestions!<\/span><\/p>\t\t\t\t\t\t\t\t<\/div>\n\t\t\t\t<\/div>\n\t\t\t\t\t<\/div>\n\t\t<\/div>\n\t\t\t\t\t<\/div>\n\t\t<\/section>\n\t\t\t\t<section class=\"elementor-section elementor-top-section elementor-element elementor-element-ade843a elementor-section-boxed elementor-section-height-default elementor-section-height-default\" data-id=\"ade843a\" data-element_type=\"section\">\n\t\t\t\t\t\t<div class=\"elementor-container elementor-column-gap-default\">\n\t\t\t\t\t<div class=\"elementor-column elementor-col-100 elementor-top-column elementor-element elementor-element-d8e1ee7\" data-id=\"d8e1ee7\" data-element_type=\"column\">\n\t\t\t<div class=\"elementor-widget-wrap elementor-element-populated\">\n\t\t\t\t\t\t<div class=\"elementor-element elementor-element-4c67f66 elementor-widget elementor-widget-heading\" data-id=\"4c67f66\" data-element_type=\"widget\" data-widget_type=\"heading.default\">\n\t\t\t\t<div class=\"elementor-widget-container\">\n\t\t\t\t\t<h1 class=\"elementor-heading-title elementor-size-default\">Derni\u00e8res nouvelles<\/h1>\t\t\t\t<\/div>\n\t\t\t\t<\/div>\n\t\t\t\t\t<\/div>\n\t\t<\/div>\n\t\t\t\t\t<\/div>\n\t\t<\/section>\n\t\t\t\t<section class=\"elementor-section elementor-top-section elementor-element elementor-element-3d4f011 elementor-section-boxed elementor-section-height-default elementor-section-height-default\" data-id=\"3d4f011\" data-element_type=\"section\">\n\t\t\t\t\t\t<div class=\"elementor-container elementor-column-gap-default\">\n\t\t\t\t\t<div class=\"elementor-column elementor-col-100 elementor-top-column elementor-element elementor-element-5ef183e\" data-id=\"5ef183e\" data-element_type=\"column\">\n\t\t\t<div class=\"elementor-widget-wrap elementor-element-populated\">\n\t\t\t\t\t\t<div class=\"elementor-element elementor-element-c2721f9 elementor-widget elementor-widget-heading\" data-id=\"c2721f9\" data-element_type=\"widget\" data-widget_type=\"heading.default\">\n\t\t\t\t<div class=\"elementor-widget-container\">\n\t\t\t\t\t<h2 class=\"elementor-heading-title elementor-size-default\">Rencontre \u00e0 B\u00e2le en mars 2024<\/h2>\t\t\t\t<\/div>\n\t\t\t\t<\/div>\n\t\t\t\t<div class=\"elementor-element elementor-element-0415bea elementor-widget elementor-widget-text-editor\" data-id=\"0415bea\" data-element_type=\"widget\" data-widget_type=\"text-editor.default\">\n\t\t\t\t<div class=\"elementor-widget-container\">\n\t\t\t\t\t\t\t\t\t<p><span style=\"font-weight: 400;\">Tout d'abord, la rencontre de B\u00e2le organis\u00e9e par Charlotte et Annelise a \u00e9t\u00e9 un grand succ\u00e8s et nous y avons rencontr\u00e9 beaucoup de nouvelles familles qui ont manifest\u00e9 leur int\u00e9r\u00eat pour le CISV. \u00c0 vous tous qui nous lisez : Bienvenue !<\/span><\/p><p><span style=\"font-weight: 400;\">Notre pr\u00e9sidente Marine a pr\u00e9sent\u00e9 l\u2019organisation aux parents et r\u00e9pondu aux questions pendant que les plus jeunes ont particip\u00e9 \u00e0 des mini jeux typiques du CISV. Merci \u00e0 Emilie et Juliette d\u2019avoir aid\u00e9 \u00e0 l\u2019animation !<\/span><\/p><p><span style=\"font-weight: 400;\">Un super \u00e9v\u00e9nement \u00e0 refaire !<\/span><\/p>\t\t\t\t\t\t\t\t<\/div>\n\t\t\t\t<\/div>\n\t\t\t\t<div class=\"elementor-element elementor-element-f8245cd elementor-widget elementor-widget-image-gallery\" data-id=\"f8245cd\" data-element_type=\"widget\" data-widget_type=\"image-gallery.default\">\n\t\t\t\t<div class=\"elementor-widget-container\">\n\t\t\t\t\t\t\t<div class=\"elementor-image-gallery\">\n\t\t\t<div id='gallery-1' class='gallery galleryid-2882 gallery-columns-2 gallery-size-medium'><figure class='gallery-item'>\n\t\t\t<div class='gallery-icon landscape'>\n\t\t\t\t<a data-elementor-open-lightbox=\"yes\" data-elementor-lightbox-slideshow=\"f8245cd\" data-elementor-lightbox-title=\"Basel_1\" data-e-action-hash=\"#elementor-action%3Aaction%3Dlightbox%26settings%3DeyJpZCI6Mjg4NCwidXJsIjoiaHR0cHM6XC9cL3d3dy5jaXN2LmNoXC93cC1jb250ZW50XC91cGxvYWRzXC8yMDI0XC8wNVwvV2hhdHNBcHAtSW1hZ2UtMjAyNC0wMy0wMy1hdC0xOC4yNi40My5qcGVnIiwic2xpZGVzaG93IjoiZjgyNDVjZCJ9\" href='https:\/\/www.cisv.ch\/wp-content\/uploads\/2024\/05\/WhatsApp-Image-2024-03-03-at-18.26.43.jpeg'><img fetchpriority=\"high\" decoding=\"async\" width=\"300\" height=\"225\" src=\"https:\/\/www.cisv.ch\/wp-content\/uploads\/2024\/05\/WhatsApp-Image-2024-03-03-at-18.26.43-300x225.jpeg\" class=\"attachment-medium size-medium\" alt=\"\" srcset=\"https:\/\/www.cisv.ch\/wp-content\/uploads\/2024\/05\/WhatsApp-Image-2024-03-03-at-18.26.43-300x225.jpeg 300w, https:\/\/www.cisv.ch\/wp-content\/uploads\/2024\/05\/WhatsApp-Image-2024-03-03-at-18.26.43-768x576.jpeg 768w, https:\/\/www.cisv.ch\/wp-content\/uploads\/2024\/05\/WhatsApp-Image-2024-03-03-at-18.26.43-16x12.jpeg 16w, https:\/\/www.cisv.ch\/wp-content\/uploads\/2024\/05\/WhatsApp-Image-2024-03-03-at-18.26.43.jpeg 1024w\" sizes=\"(max-width: 300px) 100vw, 300px\" \/><\/a>\n\t\t\t<\/div><\/figure><figure class='gallery-item'>\n\t\t\t<div class='gallery-icon landscape'>\n\t\t\t\t<a data-elementor-open-lightbox=\"yes\" data-elementor-lightbox-slideshow=\"f8245cd\" data-elementor-lightbox-title=\"Basel_2\" data-e-action-hash=\"#elementor-action%3Aaction%3Dlightbox%26settings%3DeyJpZCI6Mjg4NSwidXJsIjoiaHR0cHM6XC9cL3d3dy5jaXN2LmNoXC93cC1jb250ZW50XC91cGxvYWRzXC8yMDI0XC8wNVwvV2hhdHNBcHAtSW1hZ2UtMjAyNC0wMy0wMy1hdC0xOC4zMy4xNy5qcGVnIiwic2xpZGVzaG93IjoiZjgyNDVjZCJ9\" href='https:\/\/www.cisv.ch\/wp-content\/uploads\/2024\/05\/WhatsApp-Image-2024-03-03-at-18.33.17.jpeg'><img decoding=\"async\" width=\"300\" height=\"225\" src=\"https:\/\/www.cisv.ch\/wp-content\/uploads\/2024\/05\/WhatsApp-Image-2024-03-03-at-18.33.17-300x225.jpeg\" class=\"attachment-medium size-medium\" alt=\"\" srcset=\"https:\/\/www.cisv.ch\/wp-content\/uploads\/2024\/05\/WhatsApp-Image-2024-03-03-at-18.33.17-300x225.jpeg 300w, https:\/\/www.cisv.ch\/wp-content\/uploads\/2024\/05\/WhatsApp-Image-2024-03-03-at-18.33.17-1024x768.jpeg 1024w, https:\/\/www.cisv.ch\/wp-content\/uploads\/2024\/05\/WhatsApp-Image-2024-03-03-at-18.33.17-768x576.jpeg 768w, https:\/\/www.cisv.ch\/wp-content\/uploads\/2024\/05\/WhatsApp-Image-2024-03-03-at-18.33.17-1536x1152.jpeg 1536w, https:\/\/www.cisv.ch\/wp-content\/uploads\/2024\/05\/WhatsApp-Image-2024-03-03-at-18.33.17-16x12.jpeg 16w, https:\/\/www.cisv.ch\/wp-content\/uploads\/2024\/05\/WhatsApp-Image-2024-03-03-at-18.33.17.jpeg 1600w\" sizes=\"(max-width: 300px) 100vw, 300px\" \/><\/a>\n\t\t\t<\/div><\/figure>\n\t\t<\/div>\n\t\t<\/div>\n\t\t\t\t\t\t<\/div>\n\t\t\t\t<\/div>\n\t\t\t\t\t<\/div>\n\t\t<\/div>\n\t\t\t\t\t<\/div>\n\t\t<\/section>\n\t\t\t\t<section class=\"elementor-section elementor-top-section elementor-element elementor-element-4bab2c7 elementor-section-boxed elementor-section-height-default elementor-section-height-default\" data-id=\"4bab2c7\" data-element_type=\"section\">\n\t\t\t\t\t\t<div class=\"elementor-container elementor-column-gap-default\">\n\t\t\t\t\t\t<\/div>\n\t\t<\/section>\n\t\t\t\t<section class=\"elementor-section elementor-top-section elementor-element elementor-element-455d6bb elementor-section-boxed elementor-section-height-default elementor-section-height-default\" data-id=\"455d6bb\" data-element_type=\"section\">\n\t\t\t\t\t\t<div class=\"elementor-container elementor-column-gap-default\">\n\t\t\t\t\t\t<\/div>\n\t\t<\/section>\n\t\t\t\t<section class=\"elementor-section elementor-top-section elementor-element elementor-element-191b014 elementor-section-boxed elementor-section-height-default elementor-section-height-default\" data-id=\"191b014\" data-element_type=\"section\">\n\t\t\t\t\t\t<div class=\"elementor-container elementor-column-gap-default\">\n\t\t\t\t\t\t<\/div>\n\t\t<\/section>\n\t\t\t\t<section class=\"elementor-section elementor-top-section elementor-element elementor-element-dc8a992 elementor-section-boxed elementor-section-height-default elementor-section-height-default\" data-id=\"dc8a992\" data-element_type=\"section\">\n\t\t\t\t\t\t<div class=\"elementor-container elementor-column-gap-default\">\n\t\t\t\t\t\t<\/div>\n\t\t<\/section>\n\t\t\t\t<section class=\"elementor-section elementor-top-section elementor-element elementor-element-0222220 elementor-section-boxed elementor-section-height-default elementor-section-height-default\" data-id=\"0222220\" data-element_type=\"section\">\n\t\t\t\t\t\t<div class=\"elementor-container elementor-column-gap-default\">\n\t\t\t\t\t\t<\/div>\n\t\t<\/section>\n\t\t\t\t<section class=\"elementor-section elementor-top-section elementor-element elementor-element-c5ed901 elementor-section-boxed elementor-section-height-default elementor-section-height-default\" data-id=\"c5ed901\" data-element_type=\"section\">\n\t\t\t\t\t\t<div class=\"elementor-container elementor-column-gap-default\">\n\t\t\t\t\t\t<\/div>\n\t\t<\/section>\n\t\t\t\t<section class=\"elementor-section elementor-top-section elementor-element elementor-element-49d5f46 elementor-section-boxed elementor-section-height-default elementor-section-height-default\" data-id=\"49d5f46\" data-element_type=\"section\">\n\t\t\t\t\t\t<div class=\"elementor-container elementor-column-gap-default\">\n\t\t\t\t\t<div class=\"elementor-column elementor-col-100 elementor-top-column elementor-element elementor-element-2fe05f3\" data-id=\"2fe05f3\" data-element_type=\"column\">\n\t\t\t<div class=\"elementor-widget-wrap elementor-element-populated\">\n\t\t\t\t\t\t<div class=\"elementor-element elementor-element-5e1bf24 elementor-widget elementor-widget-heading\" data-id=\"5e1bf24\" data-element_type=\"widget\" data-widget_type=\"heading.default\">\n\t\t\t\t<div class=\"elementor-widget-container\">\n\t\t\t\t\t<h2 class=\"elementor-heading-title elementor-size-default\">Day Camp, 24 mars 2024<\/h2>\t\t\t\t<\/div>\n\t\t\t\t<\/div>\n\t\t\t\t<div class=\"elementor-element elementor-element-61ce209 elementor-widget elementor-widget-text-editor\" data-id=\"61ce209\" data-element_type=\"widget\" data-widget_type=\"text-editor.default\">\n\t\t\t\t<div class=\"elementor-widget-container\">\n\t\t\t\t\t\t\t\t\t<p><span style=\"font-weight: 400;\">Le camp de jour a lanc\u00e9 la phase de pr\u00e9paration des d\u00e9l\u00e9gations. La quasi-totalit\u00e9 des jeunes partant cet \u00e9t\u00e9 ont pu \u00eatre pr\u00e9sents et commencer \u00e0 rencontrer leur d\u00e9l\u00e9gation et leur leader. <\/span><\/p>\t\t\t\t\t\t\t\t<\/div>\n\t\t\t\t<\/div>\n\t\t\t\t<div class=\"elementor-element elementor-element-8aca819 elementor-widget elementor-widget-image\" data-id=\"8aca819\" data-element_type=\"widget\" data-widget_type=\"image.default\">\n\t\t\t\t<div class=\"elementor-widget-container\">\n\t\t\t\t\t\t\t\t\t\t\t\t\t\t\t<img decoding=\"async\" width=\"300\" height=\"225\" src=\"https:\/\/www.cisv.ch\/wp-content\/uploads\/2024\/05\/WhatsApp-Image-2024-03-25-at-15.58.51-300x225.jpeg\" class=\"attachment-medium size-medium wp-image-2892\" alt=\"\" srcset=\"https:\/\/www.cisv.ch\/wp-content\/uploads\/2024\/05\/WhatsApp-Image-2024-03-25-at-15.58.51-300x225.jpeg 300w, https:\/\/www.cisv.ch\/wp-content\/uploads\/2024\/05\/WhatsApp-Image-2024-03-25-at-15.58.51-1024x768.jpeg 1024w, https:\/\/www.cisv.ch\/wp-content\/uploads\/2024\/05\/WhatsApp-Image-2024-03-25-at-15.58.51-768x576.jpeg 768w, https:\/\/www.cisv.ch\/wp-content\/uploads\/2024\/05\/WhatsApp-Image-2024-03-25-at-15.58.51-1536x1152.jpeg 1536w, https:\/\/www.cisv.ch\/wp-content\/uploads\/2024\/05\/WhatsApp-Image-2024-03-25-at-15.58.51-16x12.jpeg 16w, https:\/\/www.cisv.ch\/wp-content\/uploads\/2024\/05\/WhatsApp-Image-2024-03-25-at-15.58.51.jpeg 2048w\" sizes=\"(max-width: 300px) 100vw, 300px\" \/>\t\t\t\t\t\t\t\t\t\t\t\t\t\t\t<\/div>\n\t\t\t\t<\/div>\n\t\t\t\t\t<\/div>\n\t\t<\/div>\n\t\t\t\t\t<\/div>\n\t\t<\/section>\n\t\t\t\t<section class=\"elementor-section elementor-top-section elementor-element elementor-element-133bae4 elementor-section-boxed elementor-section-height-default elementor-section-height-default\" data-id=\"133bae4\" data-element_type=\"section\">\n\t\t\t\t\t\t<div class=\"elementor-container elementor-column-gap-default\">\n\t\t\t\t\t<div class=\"elementor-column elementor-col-100 elementor-top-column elementor-element elementor-element-2613042\" data-id=\"2613042\" data-element_type=\"column\">\n\t\t\t<div class=\"elementor-widget-wrap elementor-element-populated\">\n\t\t\t\t\t\t<div class=\"elementor-element elementor-element-b1eb611 elementor-widget elementor-widget-heading\" data-id=\"b1eb611\" data-element_type=\"widget\" data-widget_type=\"heading.default\">\n\t\t\t\t<div class=\"elementor-widget-container\">\n\t\t\t\t\t<h2 class=\"elementor-heading-title elementor-size-default\">RTF Mars-Avril 2024<\/h2>\t\t\t\t<\/div>\n\t\t\t\t<\/div>\n\t\t\t\t<div class=\"elementor-element elementor-element-50e74dc elementor-widget elementor-widget-text-editor\" data-id=\"50e74dc\" data-element_type=\"widget\" data-widget_type=\"text-editor.default\">\n\t\t\t\t<div class=\"elementor-widget-container\">\n\t\t\t\t\t\t\t\t\t<p><span style=\"font-weight: 400;\">Pendant le week-end de P\u00e2ques, une d\u00e9l\u00e9gation CISV Suisse a pris la route de Cesenatico, en Italie, pour rejoindre des centaines d'autres CISVers, principalement de la r\u00e9gion EMEA (Europe, Moyen-Orient, Afrique), mais aussi des repr\u00e9sentants d'autres r\u00e9gions. Trois \u00e9v\u00e9nements majeurs y \u00e9taient regroup\u00e9s : une r\u00e9union de la branche Junior (15+), un RTF (Regional Training Forum) et le BEAM (Big EMEA Annual Meeting).<\/span><\/p><p><span style=\"font-weight: 400;\">La premi\u00e8re est l'occasion pour les branches juniors de tous les pays pr\u00e9sents de se rencontrer et de s'amuser mais aussi de collaborer sur des projets qui r\u00e9unissent plusieurs pays et d'en apprendre davantage sur le fonctionnement du CISV et le travail des diff\u00e9rents groupes de travail qui cherchent \u00e0 int\u00e9grer de nouvelles pratiques dans notre organisation.\u00a0<\/span><\/p><p><span style=\"font-weight: 400;\">Le RTF est l'une des options de formation pour les diff\u00e9rents programmes destin\u00e9s aux animateurs et au personnel. La majorit\u00e9 des responsables des d\u00e9l\u00e9gations suisses pour l'\u00e9t\u00e9 2024 y ont particip\u00e9 et ont pu appr\u00e9cier de partager leur formation avec d'autres responsables\/personnel d'autres pays et d'\u00e9changer sur nos pratiques respectives.<\/span><\/p><p><span style=\"font-weight: 400;\">BEAM est la r\u00e9union annuelle des repr\u00e9sentants nationaux de l'EMEA. C'est l'occasion de discuter en personne des changements au sein de l'organisation avec les autres pays, mais aussi avec les membres du conseil de direction pr\u00e9sents. <\/span><\/p>\t\t\t\t\t\t\t\t<\/div>\n\t\t\t\t<\/div>\n\t\t\t\t<div class=\"elementor-element elementor-element-b7a40ef elementor-widget elementor-widget-image\" data-id=\"b7a40ef\" data-element_type=\"widget\" data-widget_type=\"image.default\">\n\t\t\t\t<div class=\"elementor-widget-container\">\n\t\t\t\t\t\t\t\t\t\t\t\t\t\t\t<img loading=\"lazy\" decoding=\"async\" width=\"300\" height=\"225\" src=\"https:\/\/www.cisv.ch\/wp-content\/uploads\/2024\/05\/WhatsApp-Image-2024-04-01-at-16.08.02-300x225.jpeg\" class=\"attachment-medium size-medium wp-image-2893\" alt=\"\" srcset=\"https:\/\/www.cisv.ch\/wp-content\/uploads\/2024\/05\/WhatsApp-Image-2024-04-01-at-16.08.02-300x225.jpeg 300w, https:\/\/www.cisv.ch\/wp-content\/uploads\/2024\/05\/WhatsApp-Image-2024-04-01-at-16.08.02-1024x768.jpeg 1024w, https:\/\/www.cisv.ch\/wp-content\/uploads\/2024\/05\/WhatsApp-Image-2024-04-01-at-16.08.02-768x576.jpeg 768w, https:\/\/www.cisv.ch\/wp-content\/uploads\/2024\/05\/WhatsApp-Image-2024-04-01-at-16.08.02-1536x1152.jpeg 1536w, https:\/\/www.cisv.ch\/wp-content\/uploads\/2024\/05\/WhatsApp-Image-2024-04-01-at-16.08.02-16x12.jpeg 16w, https:\/\/www.cisv.ch\/wp-content\/uploads\/2024\/05\/WhatsApp-Image-2024-04-01-at-16.08.02.jpeg 2048w\" sizes=\"(max-width: 300px) 100vw, 300px\" \/>\t\t\t\t\t\t\t\t\t\t\t\t\t\t\t<\/div>\n\t\t\t\t<\/div>\n\t\t\t\t\t<\/div>\n\t\t<\/div>\n\t\t\t\t\t<\/div>\n\t\t<\/section>\n\t\t\t\t<section class=\"elementor-section elementor-top-section elementor-element elementor-element-8a6e3ad elementor-section-boxed elementor-section-height-default elementor-section-height-default\" data-id=\"8a6e3ad\" data-element_type=\"section\">\n\t\t\t\t\t\t<div class=\"elementor-container elementor-column-gap-default\">\n\t\t\t\t\t<div class=\"elementor-column elementor-col-100 elementor-top-column elementor-element elementor-element-880d874\" data-id=\"880d874\" data-element_type=\"column\">\n\t\t\t<div class=\"elementor-widget-wrap elementor-element-populated\">\n\t\t\t\t\t\t<div class=\"elementor-element elementor-element-f326f23 elementor-widget elementor-widget-heading\" data-id=\"f326f23\" data-element_type=\"widget\" data-widget_type=\"heading.default\">\n\t\t\t\t<div class=\"elementor-widget-container\">\n\t\t\t\t\t<h2 class=\"elementor-heading-title elementor-size-default\">Minicamp 3-5 mai 2024<\/h2>\t\t\t\t<\/div>\n\t\t\t\t<\/div>\n\t\t\t\t<div class=\"elementor-element elementor-element-01810e7 elementor-widget elementor-widget-text-editor\" data-id=\"01810e7\" data-element_type=\"widget\" data-widget_type=\"text-editor.default\">\n\t\t\t\t<div class=\"elementor-widget-container\">\n\t\t\t\t\t\t\t\t\t<p><span style=\"font-weight: 400;\">Le mini-camp de mai a \u00e9t\u00e9 l'occasion pour les d\u00e9l\u00e9gations de se retrouver pour un avant-go\u00fbt d'un camp CISV, mais aussi pour de nouveaux jeunes de d\u00e9couvrir le CISV. La branche Junior (15+) s'est r\u00e9unie le vendredi pour organiser le reste du mini-camp et les plus jeunes l'ont rejointe le samedi. Des activit\u00e9s et des temps distincts ont \u00e9t\u00e9 pr\u00e9vus pour chaque d\u00e9l\u00e9gation (temps de d\u00e9l\u00e9gation). L'activit\u00e9 phare du week-end a \u00e9t\u00e9 celle sur les minorit\u00e9s.\u00a0<\/span><\/p><p><span style=\"font-weight: 400;\">Tiphaine et Bianca ont dispens\u00e9 dimanche une formation aux participants du s\u00e9minaire ainsi qu'aux Leaders et au Staff du Step Up.<\/span><\/p><p><span style=\"font-weight: 400;\">\u00c0 la fin du mini-camp, Sophia et Alice ont organis\u00e9 une boutique avec de nouveaux articles CISV, qui seront \u00e9galement disponibles lors de la Journ\u00e9e de la famille le 22 septembre.<\/span><br \/><br \/><\/p><p><span style=\"font-weight: 400;\">Un grand merci \u00e0 St\u00e9phane notre chef b\u00e9n\u00e9vole et aux b\u00e9n\u00e9voles, le mini camp ne serait pas possible sans eux ! Un grand bravo \u00e9galement \u00e0 notre super JB !<\/span><\/p>\t\t\t\t\t\t\t\t<\/div>\n\t\t\t\t<\/div>\n\t\t\t\t<div class=\"elementor-element elementor-element-e35a664 gallery-spacing-custom elementor-widget elementor-widget-image-gallery\" data-id=\"e35a664\" data-element_type=\"widget\" data-widget_type=\"image-gallery.default\">\n\t\t\t\t<div class=\"elementor-widget-container\">\n\t\t\t\t\t\t\t<div class=\"elementor-image-gallery\">\n\t\t\t<div id='gallery-2' class='gallery galleryid-2882 gallery-columns-3 gallery-size-medium_large'><figure class='gallery-item'>\n\t\t\t<div class='gallery-icon landscape'>\n\t\t\t\t<img loading=\"lazy\" decoding=\"async\" width=\"768\" height=\"576\" src=\"https:\/\/www.cisv.ch\/wp-content\/uploads\/2024\/05\/WhatsApp-Image-2024-05-05-at-14.04.55-768x576.jpeg\" class=\"attachment-medium_large size-medium_large\" alt=\"\" srcset=\"https:\/\/www.cisv.ch\/wp-content\/uploads\/2024\/05\/WhatsApp-Image-2024-05-05-at-14.04.55-768x576.jpeg 768w, https:\/\/www.cisv.ch\/wp-content\/uploads\/2024\/05\/WhatsApp-Image-2024-05-05-at-14.04.55-300x225.jpeg 300w, https:\/\/www.cisv.ch\/wp-content\/uploads\/2024\/05\/WhatsApp-Image-2024-05-05-at-14.04.55-1024x768.jpeg 1024w, https:\/\/www.cisv.ch\/wp-content\/uploads\/2024\/05\/WhatsApp-Image-2024-05-05-at-14.04.55-1536x1152.jpeg 1536w, https:\/\/www.cisv.ch\/wp-content\/uploads\/2024\/05\/WhatsApp-Image-2024-05-05-at-14.04.55-16x12.jpeg 16w, https:\/\/www.cisv.ch\/wp-content\/uploads\/2024\/05\/WhatsApp-Image-2024-05-05-at-14.04.55.jpeg 2048w\" sizes=\"(max-width: 768px) 100vw, 768px\" \/>\n\t\t\t<\/div><\/figure><figure class='gallery-item'>\n\t\t\t<div class='gallery-icon portrait'>\n\t\t\t\t<img loading=\"lazy\" decoding=\"async\" width=\"768\" height=\"864\" src=\"https:\/\/www.cisv.ch\/wp-content\/uploads\/2024\/05\/WhatsApp-Image-2024-05-05-at-09.58.36-768x864.jpeg\" class=\"attachment-medium_large size-medium_large\" alt=\"\" srcset=\"https:\/\/www.cisv.ch\/wp-content\/uploads\/2024\/05\/WhatsApp-Image-2024-05-05-at-09.58.36-768x864.jpeg 768w, https:\/\/www.cisv.ch\/wp-content\/uploads\/2024\/05\/WhatsApp-Image-2024-05-05-at-09.58.36-267x300.jpeg 267w, https:\/\/www.cisv.ch\/wp-content\/uploads\/2024\/05\/WhatsApp-Image-2024-05-05-at-09.58.36-911x1024.jpeg 911w, https:\/\/www.cisv.ch\/wp-content\/uploads\/2024\/05\/WhatsApp-Image-2024-05-05-at-09.58.36-11x12.jpeg 11w, https:\/\/www.cisv.ch\/wp-content\/uploads\/2024\/05\/WhatsApp-Image-2024-05-05-at-09.58.36.jpeg 1366w\" sizes=\"(max-width: 768px) 100vw, 768px\" \/>\n\t\t\t<\/div><\/figure><figure class='gallery-item'>\n\t\t\t<div class='gallery-icon landscape'>\n\t\t\t\t<img loading=\"lazy\" decoding=\"async\" width=\"768\" height=\"576\" src=\"https:\/\/www.cisv.ch\/wp-content\/uploads\/2024\/05\/WhatsApp-Image-2024-05-05-at-14.05.15-768x576.jpeg\" class=\"attachment-medium_large size-medium_large\" alt=\"\" srcset=\"https:\/\/www.cisv.ch\/wp-content\/uploads\/2024\/05\/WhatsApp-Image-2024-05-05-at-14.05.15-768x576.jpeg 768w, https:\/\/www.cisv.ch\/wp-content\/uploads\/2024\/05\/WhatsApp-Image-2024-05-05-at-14.05.15-300x225.jpeg 300w, https:\/\/www.cisv.ch\/wp-content\/uploads\/2024\/05\/WhatsApp-Image-2024-05-05-at-14.05.15-1024x768.jpeg 1024w, https:\/\/www.cisv.ch\/wp-content\/uploads\/2024\/05\/WhatsApp-Image-2024-05-05-at-14.05.15-1536x1152.jpeg 1536w, https:\/\/www.cisv.ch\/wp-content\/uploads\/2024\/05\/WhatsApp-Image-2024-05-05-at-14.05.15-16x12.jpeg 16w, https:\/\/www.cisv.ch\/wp-content\/uploads\/2024\/05\/WhatsApp-Image-2024-05-05-at-14.05.15.jpeg 2048w\" sizes=\"(max-width: 768px) 100vw, 768px\" \/>\n\t\t\t<\/div><\/figure>\n\t\t<\/div>\n\t\t<\/div>\n\t\t\t\t\t\t<\/div>\n\t\t\t\t<\/div>\n\t\t\t\t\t<\/div>\n\t\t<\/div>\n\t\t\t\t\t<\/div>\n\t\t<\/section>\n\t\t\t\t<section class=\"elementor-section elementor-top-section elementor-element elementor-element-da86336 elementor-section-boxed elementor-section-height-default elementor-section-height-default\" data-id=\"da86336\" data-element_type=\"section\">\n\t\t\t\t\t\t<div class=\"elementor-container elementor-column-gap-default\">\n\t\t\t\t\t\t<\/div>\n\t\t<\/section>\n\t\t\t\t<section class=\"elementor-section elementor-top-section elementor-element elementor-element-db7445f elementor-section-boxed elementor-section-height-default elementor-section-height-default\" data-id=\"db7445f\" data-element_type=\"section\">\n\t\t\t\t\t\t<div class=\"elementor-container elementor-column-gap-default\">\n\t\t\t\t\t\t<\/div>\n\t\t<\/section>\n\t\t\t\t<section class=\"elementor-section elementor-top-section elementor-element elementor-element-e853e23 elementor-section-boxed elementor-section-height-default elementor-section-height-default\" data-id=\"e853e23\" data-element_type=\"section\">\n\t\t\t\t\t\t<div class=\"elementor-container elementor-column-gap-default\">\n\t\t\t\t\t<div class=\"elementor-column elementor-col-100 elementor-top-column elementor-element elementor-element-350c04a\" data-id=\"350c04a\" data-element_type=\"column\">\n\t\t\t<div class=\"elementor-widget-wrap elementor-element-populated\">\n\t\t\t\t\t\t<div class=\"elementor-element elementor-element-328824a elementor-widget elementor-widget-heading\" data-id=\"328824a\" data-element_type=\"widget\" data-widget_type=\"heading.default\">\n\t\t\t\t<div class=\"elementor-widget-container\">\n\t\t\t\t\t<h1 class=\"elementor-heading-title elementor-size-default\">Rappel de l'engagement des familles<\/h1>\t\t\t\t<\/div>\n\t\t\t\t<\/div>\n\t\t\t\t<div class=\"elementor-element elementor-element-57157d6 elementor-widget elementor-widget-text-editor\" data-id=\"57157d6\" data-element_type=\"widget\" data-widget_type=\"text-editor.default\">\n\t\t\t\t<div class=\"elementor-widget-container\">\n\t\t\t\t\t\t\t\t\t<p><span style=\"font-weight: 400;\">La plupart d'entre vous nous connaissent comme ceux qui aident vos enfants \u00e0 partir dans un autre pays pour y vivre leur exp\u00e9rience CISV. Cependant, CISV Switzerland organise chaque ann\u00e9e son propre camp afin d'accueillir tous les participants d'autres pays (et aussi de Suisse).\u00a0<\/span><\/p><p class=\"translation-block\"><span style=\"font-weight: 400\">Cette ann\u00e9e, nous organisons un <\/span><b>Step Up \u00e0 Gen\u00e8ve du 13 juillet au 4 ao\u00fbt 2024<\/b><span style=\"font-weight: 400\">pour des jeunes de 14-15 ans et comme de coutume, nous comptons sur les <\/span><b>familles CISV pour accueillir deux enfants (ou plus) le weekend du 13-14 juin et de se rendre disponibles comme volontaires <\/b><span style=\"font-weight: 400\">pour la dur\u00e9e du camp. Vous avez r\u00e9cemment re\u00e7u une communication \u00e0 ce sujet avec un formulaire \u00e0 remplir <\/span><span style=\"font-weight: 400;color: #ff6600\">avant le 15 juin si ce n'est pas d\u00e9j\u00e0 fait: <\/span><a href=\"https:\/\/docs.google.com\/forms\/d\/e\/1FAIpQLSfxzE4ZVmZLU4ORAlGYhN8aa1hP8Rlrh5nfxLib8b2HQ4bfYw\/viewform?usp=sf_link\" target=\"_self\"><span style=\"font-weight: 400\">https:\/\/docs.google.com\/forms\/d\/e\/1FAIpQLSfxzE4ZVmZLU4ORAlGYhN8aa1hP8Rlrh5nfxLib8b2HQ4bfYw\/viewform?usp=sf_link<\/span><\/a><\/p><p><span style=\"font-weight: 400;\">En vue de notre Step Up, nous lan\u00e7ons \u00e9galement un appel aux dons de draps (150\u00d7200) et de taies d'oreiller (50\u00d760). En effet, nous souhaitons en fournir \u00e0 nos participants et constituer un stock de draps qui pourra \u00eatre utilis\u00e9 par CISV Switzerland pour tous les camps \u00e0 venir.\u00a0 <\/span><b>Veuillez contacter Charlotte par WhatsApp : +41 79 195 30 54. si vous avez des feuilles \u00e0 donner d'ici le 24 juin au plus tard.<\/b><span style=\"font-weight: 400;\">. C'est aussi l'occasion pour vos enfants de participer et de gagner un goodies CISV Switzerland. Chaque participant \u00e0 la collecte recevra un bracelet CISV Switzerland qu'il pourra changer au camp, et l'enfant qui aura r\u00e9ussi \u00e0 ramener le plus de combinaisons housse de couette\/taie d'oreiller en bon \u00e9tat gagnera un prix sp\u00e9cial !<\/span><\/p><p><span style=\"font-weight: 400;\">Comme vous le savez, l'une des valeurs du CISV est le volontariat et l'engagement au sein de l'association. A ce titre, l'implication des familles en tant que b\u00e9n\u00e9voles est essentielle.<\/span><\/p>\t\t\t\t\t\t\t\t<\/div>\n\t\t\t\t<\/div>\n\t\t\t\t\t<\/div>\n\t\t<\/div>\n\t\t\t\t\t<\/div>\n\t\t<\/section>\n\t\t\t\t<section class=\"elementor-section elementor-top-section elementor-element elementor-element-8249783 elementor-section-boxed elementor-section-height-default elementor-section-height-default\" data-id=\"8249783\" data-element_type=\"section\">\n\t\t\t\t\t\t<div class=\"elementor-container elementor-column-gap-default\">\n\t\t\t\t\t<div class=\"elementor-column elementor-col-100 elementor-top-column elementor-element elementor-element-a121669\" data-id=\"a121669\" data-element_type=\"column\">\n\t\t\t<div class=\"elementor-widget-wrap elementor-element-populated\">\n\t\t\t\t\t\t<div class=\"elementor-element elementor-element-c0b16b8 elementor-widget elementor-widget-heading\" data-id=\"c0b16b8\" data-element_type=\"widget\" data-widget_type=\"heading.default\">\n\t\t\t\t<div class=\"elementor-widget-container\">\n\t\t\t\t\t<h1 class=\"elementor-heading-title elementor-size-default\">Focus sur le role de... Secr\u00e9taire Nationale<\/h1>\t\t\t\t<\/div>\n\t\t\t\t<\/div>\n\t\t\t\t<div class=\"elementor-element elementor-element-c3be72d elementor-widget elementor-widget-text-editor\" data-id=\"c3be72d\" data-element_type=\"widget\" data-widget_type=\"text-editor.default\">\n\t\t\t\t<div class=\"elementor-widget-container\">\n\t\t\t\t\t\t\t\t\t<p class=\"translation-block\"><span style=\"font-weight : 400\">Le <\/span><b>r\u00f4le de Secr\u00e9taire national<\/b><span style=\"font-weight : 400\">est d'une importance vitale pour le bon fonctionnement de CISV Suisse et<\/span><b>il est actuellement vacant<\/b><span style=\"font-weight : 400\"> ! Nous aimerions vous le pr\u00e9senter en quelques mots.<\/span><\/p><p><span style=\"font-weight: 400;\">La responsabilit\u00e9 du secr\u00e9taire national est de fournir un soutien essentiel \u00e0 l'administration et aux op\u00e9rations quotidiennes de CISV Suisse. Son travail garantit le bon fonctionnement de l'organisation et le respect des lois locales et des politiques de CISV, en \u00e9troite collaboration avec le Pr\u00e9sident et les Risk Managers. Le\/la Secr\u00e9taire national\/e est le\/la principal\/e interlocuteur\/trice administratif\/ve et le\/la principal\/e interlocuteur\/trice au sein de CISV Switzerland et entre CISV Switzerland et CISV International. Il\/elle s'occupe, entre autres, de la maintenance de SharePoint, de l'envoi de communications et d'invitations aux membres, des proc\u00e8s-verbaux des r\u00e9unions du Comit\u00e9, etc.<\/span><\/p><p class=\"translation-block\"><span style=\"font-weight : 400\">Autres <\/span><b>r\u00f4les \u00e0 pourvoir au sein du Comit\u00e9 : Coordinateur des camps locaux et Coordinateur des b\u00e9n\u00e9voles<\/b><span style=\"font-weight : 400\">. N'h\u00e9sitez pas \u00e0 contacter les membres du comit\u00e9 si vous \u00eates int\u00e9ress\u00e9(e)!<\/span><\/p>\t\t\t\t\t\t\t\t<\/div>\n\t\t\t\t<\/div>\n\t\t\t\t\t<\/div>\n\t\t<\/div>\n\t\t\t\t\t<\/div>\n\t\t<\/section>\n\t\t\t\t<section class=\"elementor-section elementor-top-section elementor-element elementor-element-5f42d9e elementor-section-boxed elementor-section-height-default elementor-section-height-default\" data-id=\"5f42d9e\" data-element_type=\"section\">\n\t\t\t\t\t\t<div class=\"elementor-container elementor-column-gap-default\">\n\t\t\t\t\t<div class=\"elementor-column elementor-col-100 elementor-top-column elementor-element elementor-element-80e0583\" data-id=\"80e0583\" data-element_type=\"column\">\n\t\t\t<div class=\"elementor-widget-wrap elementor-element-populated\">\n\t\t\t\t\t\t<div class=\"elementor-element elementor-element-31651c5 elementor-widget elementor-widget-heading\" data-id=\"31651c5\" data-element_type=\"widget\" data-widget_type=\"heading.default\">\n\t\t\t\t<div class=\"elementor-widget-container\">\n\t\t\t\t\t<h1 class=\"elementor-heading-title elementor-size-default\">SAVE THE DATE - Journ\u00e9e des familles - 22 septembre 2024<\/h1>\t\t\t\t<\/div>\n\t\t\t\t<\/div>\n\t\t\t\t<div class=\"elementor-element elementor-element-fa4a117 elementor-widget elementor-widget-text-editor\" data-id=\"fa4a117\" data-element_type=\"widget\" data-widget_type=\"text-editor.default\">\n\t\t\t\t<div class=\"elementor-widget-container\">\n\t\t\t\t\t\t\t\t\t<p><span style=\"font-weight: 400;\">Une f\u00eate de bon voyage commune \u00e0 toutes les d\u00e9l\u00e9gations n'aura finalement pas lieu en juin. En effet, compte tenu de la p\u00e9riode charg\u00e9e de la fin de l'ann\u00e9e scolaire, il a \u00e9t\u00e9 jug\u00e9 plus raisonnable que chaque d\u00e9l\u00e9gation s'organise en fonction des besoins et de la disponibilit\u00e9 des familles.\u00a0<\/span><\/p><p class=\"translation-block\"><span style=\"font-weight : 400\">En revanche, nous vous donnons rendez-vous le<\/span><b>22 septembre <\/b><span style=\"font-weight : 400\">pour notre traditionnelle journ\u00e9e des familles. Ce sera l'occasion de se retrouver, d'entendre le retour des participants aux camps 2024 et de pr\u00e9senter le CISV \u00e0 de nouvelles familles. Notez la date, de plus amples informations suivront !<\/span><\/p>\t\t\t\t\t\t\t\t<\/div>\n\t\t\t\t<\/div>\n\t\t\t\t\t<\/div>\n\t\t<\/div>\n\t\t\t\t\t<\/div>\n\t\t<\/section>\n\t\t\t\t<section class=\"elementor-section elementor-top-section elementor-element elementor-element-fa66d7f elementor-section-boxed elementor-section-height-default elementor-section-height-default\" data-id=\"fa66d7f\" data-element_type=\"section\">\n\t\t\t\t\t\t<div class=\"elementor-container elementor-column-gap-default\">\n\t\t\t\t\t<div class=\"elementor-column elementor-col-100 elementor-top-column elementor-element elementor-element-28f8320\" data-id=\"28f8320\" data-element_type=\"column\">\n\t\t\t<div class=\"elementor-widget-wrap elementor-element-populated\">\n\t\t\t\t\t\t<div class=\"elementor-element elementor-element-dc6528a elementor-widget__width-initial elementor-view-default elementor-widget elementor-widget-icon\" data-id=\"dc6528a\" data-element_type=\"widget\" data-widget_type=\"icon.default\">\n\t\t\t\t<div class=\"elementor-widget-container\">\n\t\t\t\t\t\t\t<div class=\"elementor-icon-wrapper\">\n\t\t\t<div class=\"elementor-icon\">\n\t\t\t<i aria-hidden=\"true\" class=\"far fa-calendar-alt\"><\/i>\t\t\t<\/div>\n\t\t<\/div>\n\t\t\t\t\t\t<\/div>\n\t\t\t\t<\/div>\n\t\t\t\t\t<\/div>\n\t\t<\/div>\n\t\t\t\t\t<\/div>\n\t\t<\/section>\n\t\t\t\t<section class=\"elementor-section elementor-top-section elementor-element elementor-element-6c163fa elementor-section-boxed elementor-section-height-default elementor-section-height-default\" data-id=\"6c163fa\" data-element_type=\"section\">\n\t\t\t\t\t\t<div class=\"elementor-container elementor-column-gap-default\">\n\t\t\t\t\t<div class=\"elementor-column elementor-col-100 elementor-top-column elementor-element elementor-element-4a8fb31\" data-id=\"4a8fb31\" data-element_type=\"column\">\n\t\t\t<div class=\"elementor-widget-wrap elementor-element-populated\">\n\t\t\t\t\t\t<div class=\"elementor-element elementor-element-6eb0074 elementor-widget elementor-widget-heading\" data-id=\"6eb0074\" data-element_type=\"widget\" data-widget_type=\"heading.default\">\n\t\t\t\t<div class=\"elementor-widget-container\">\n\t\t\t\t\t<h1 class=\"elementor-heading-title elementor-size-default\">Suivez-nous sur Facebook\/Instagram<\/h1>\t\t\t\t<\/div>\n\t\t\t\t<\/div>\n\t\t\t\t<div class=\"elementor-element elementor-element-a69a165 elementor-widget elementor-widget-text-editor\" data-id=\"a69a165\" data-element_type=\"widget\" data-widget_type=\"text-editor.default\">\n\t\t\t\t<div class=\"elementor-widget-container\">\n\t\t\t\t\t\t\t\t\t<p><span style=\"font-weight: 400;\">N'h\u00e9sitez pas \u00e0 suivre CISV Suisse et \u00e0 partager nos nouvelles sur les r\u00e9seaux sociaux pour nous aider \u00e0 diffuser l'information et \u00e0 \u00e9largir le nombre de nos membres :<\/span><\/p><p><span style=\"font-weight: 400;\">Instagram: cisv_switzerland<\/span><\/p><p><span style=\"font-weight: 400;\">Facebook: CISV Switzerland<\/span><\/p>\t\t\t\t\t\t\t\t<\/div>\n\t\t\t\t<\/div>\n\t\t\t\t\t<\/div>\n\t\t<\/div>\n\t\t\t\t\t<\/div>\n\t\t<\/section>\n\t\t\t\t<section class=\"elementor-section elementor-top-section elementor-element elementor-element-3bcc2d9 elementor-section-boxed elementor-section-height-default elementor-section-height-default\" data-id=\"3bcc2d9\" data-element_type=\"section\">\n\t\t\t\t\t\t<div class=\"elementor-container elementor-column-gap-default\">\n\t\t\t\t\t<div class=\"elementor-column elementor-col-100 elementor-top-column elementor-element elementor-element-3074d75\" data-id=\"3074d75\" data-element_type=\"column\">\n\t\t\t<div class=\"elementor-widget-wrap elementor-element-populated\">\n\t\t\t\t\t\t<div class=\"elementor-element elementor-element-8489520 elementor-widget elementor-widget-heading\" data-id=\"8489520\" data-element_type=\"widget\" data-widget_type=\"heading.default\">\n\t\t\t\t<div class=\"elementor-widget-container\">\n\t\t\t\t\t<h1 class=\"elementor-heading-title elementor-size-default\">Remerciements<\/h1>\t\t\t\t<\/div>\n\t\t\t\t<\/div>\n\t\t\t\t<div class=\"elementor-element elementor-element-49535da elementor-widget elementor-widget-text-editor\" data-id=\"49535da\" data-element_type=\"widget\" data-widget_type=\"text-editor.default\">\n\t\t\t\t<div class=\"elementor-widget-container\">\n\t\t\t\t\t\t\t\t\t<p class=\"translation-block\"><span style=\"font-weight : 400\">Enfin, un mot sp\u00e9cial de remerciement \u00e0 nos super-leaders 2024 <\/span><b>Etienne, Fabrice, Floriane, Linda et Sima <\/b><span style=\"font-weight : 400\">et de nos extraordinaires collaborateurs locaux Step-Up <\/span><b>Carole et Marie<\/b><span style=\"font-weight : 400\"> (et internationaux <\/span><b>Madi, Madison et Parth<\/b><span style=\"font-weight : 400\">), sans qui nos programmes ne pourraient pas avoir lieu !<\/span><\/p>\t\t\t\t\t\t\t\t<\/div>\n\t\t\t\t<\/div>\n\t\t\t\t\t<\/div>\n\t\t<\/div>\n\t\t\t\t\t<\/div>\n\t\t<\/section>\n\t\t\t\t<section class=\"elementor-section elementor-top-section elementor-element elementor-element-2ff997d elementor-section-boxed elementor-section-height-default elementor-section-height-default\" data-id=\"2ff997d\" data-element_type=\"section\">\n\t\t\t\t\t\t<div class=\"elementor-container elementor-column-gap-default\">\n\t\t\t\t\t<div class=\"elementor-column elementor-col-100 elementor-top-column elementor-element elementor-element-999d81e\" data-id=\"999d81e\" data-element_type=\"column\">\n\t\t\t<div class=\"elementor-widget-wrap elementor-element-populated\">\n\t\t\t\t\t\t<div class=\"elementor-element elementor-element-6215ea0 elementor-widget elementor-widget-heading\" data-id=\"6215ea0\" data-element_type=\"widget\" data-widget_type=\"heading.default\">\n\t\t\t\t<div class=\"elementor-widget-container\">\n\t\t\t\t\t<h1 class=\"elementor-heading-title elementor-size-default\">Pour une exp\u00e9rience diff\u00e9rente avec AFS, une organisation qui partage nos valeurs<\/h1>\t\t\t\t<\/div>\n\t\t\t\t<\/div>\n\t\t\t\t<div class=\"elementor-element elementor-element-1b4decd elementor-widget elementor-widget-heading\" data-id=\"1b4decd\" data-element_type=\"widget\" data-widget_type=\"heading.default\">\n\t\t\t\t<div class=\"elementor-widget-container\">\n\t\t\t\t\t<h2 class=\"elementor-heading-title elementor-size-default\">Une exp\u00e9rience interculturelle en tant que famille d'accueil AFS<\/h2>\t\t\t\t<\/div>\n\t\t\t\t<\/div>\n\t\t\t\t<div class=\"elementor-element elementor-element-1950e0d elementor-widget elementor-widget-text-editor\" data-id=\"1950e0d\" data-element_type=\"widget\" data-widget_type=\"text-editor.default\">\n\t\t\t\t<div class=\"elementor-widget-container\">\n\t\t\t\t\t\t\t\t\t<p>Le 16 ao\u00fbt 2024, plus de 70 jeunes du monde entier commenceront leur aventure d'\u00e9change en Suisse avec AFS. Vous souhaitez vivre une exp\u00e9rience interculturelle unique avec votre famille ? En tant que famille d'accueil, vous avez la possibilit\u00e9 de rencontrer un jeune et une autre culture entre vos quatre murs. Cela vous permettra \u00e9galement de voir votre propre culture et vos traditions sous un jour nouveau. <br \/>Gr\u00e2ce aux \u00e9changes quotidiens, vos enfants acqui\u00e8rent de pr\u00e9cieuses comp\u00e9tences sociales et de communication, ainsi qu'une compr\u00e9hension globale. De plus, ils peuvent nouer et d\u00e9velopper des amiti\u00e9s internationales.<br \/>Presque tout le monde peut devenir famille d'accueil. Le plus important est de s'int\u00e9resser \u00e0 une autre culture et d'\u00eatre pr\u00eat \u00e0 accueillir un jeune.<br \/>Avec plus de 70 ans d'exp\u00e9rience dans le domaine des \u00e9changes interculturels, AFS offre un soutien comp\u00e9tent avant et pendant le programme d'\u00e9change.<\/p><p>Une famille d'accueil actuelle t\u00e9moigne : \"Sans notre \u00e9tudiant d'\u00e9change... nous ne serions pas all\u00e9s au Jungfraujoch dans le brouillard et nous nous serions tellement amus\u00e9s... nous n'aurions pas couru le long du Bachtel avec un chapeau \u00e0 pointe le matin de No\u00ebl ! nous n'aurions pas appris \u00e0 cuisiner une vraie tortilla de patatas... nous n'aurions pas pu vivre tant de choses belles, enrichissantes et amusantes ! Merci AFS\".<\/p>\t\t\t\t\t\t\t\t<\/div>\n\t\t\t\t<\/div>\n\t\t\t\t<div class=\"elementor-element elementor-element-36032d6 elementor-widget__width-initial elementor-widget elementor-widget-image\" data-id=\"36032d6\" data-element_type=\"widget\" data-widget_type=\"image.default\">\n\t\t\t\t<div class=\"elementor-widget-container\">\n\t\t\t\t\t\t\t\t\t\t\t\t\t\t\t<img loading=\"lazy\" decoding=\"async\" width=\"1024\" height=\"712\" src=\"https:\/\/www.cisv.ch\/wp-content\/uploads\/2024\/05\/Fam_FR_2-1024x712.png\" class=\"attachment-large size-large wp-image-2914\" alt=\"\" srcset=\"https:\/\/www.cisv.ch\/wp-content\/uploads\/2024\/05\/Fam_FR_2-1024x712.png 1024w, https:\/\/www.cisv.ch\/wp-content\/uploads\/2024\/05\/Fam_FR_2-300x208.png 300w, https:\/\/www.cisv.ch\/wp-content\/uploads\/2024\/05\/Fam_FR_2-768x534.png 768w, https:\/\/www.cisv.ch\/wp-content\/uploads\/2024\/05\/Fam_FR_2-1536x1067.png 1536w, https:\/\/www.cisv.ch\/wp-content\/uploads\/2024\/05\/Fam_FR_2-18x12.png 18w, https:\/\/www.cisv.ch\/wp-content\/uploads\/2024\/05\/Fam_FR_2.png 1554w\" sizes=\"(max-width: 1024px) 100vw, 1024px\" \/>\t\t\t\t\t\t\t\t\t\t\t\t\t\t\t<\/div>\n\t\t\t\t<\/div>\n\t\t\t\t<div class=\"elementor-element elementor-element-4d86e30 elementor-widget__width-initial elementor-widget elementor-widget-image\" data-id=\"4d86e30\" data-element_type=\"widget\" data-widget_type=\"image.default\">\n\t\t\t\t<div class=\"elementor-widget-container\">\n\t\t\t\t\t\t\t\t\t\t\t\t\t\t\t<img loading=\"lazy\" decoding=\"async\" width=\"1024\" height=\"576\" src=\"https:\/\/www.cisv.ch\/wp-content\/uploads\/2024\/05\/Fam_Berge-1024x576.jpg\" class=\"attachment-large size-large wp-image-2913\" alt=\"\" srcset=\"https:\/\/www.cisv.ch\/wp-content\/uploads\/2024\/05\/Fam_Berge-1024x576.jpg 1024w, https:\/\/www.cisv.ch\/wp-content\/uploads\/2024\/05\/Fam_Berge-300x169.jpg 300w, https:\/\/www.cisv.ch\/wp-content\/uploads\/2024\/05\/Fam_Berge-768x432.jpg 768w, https:\/\/www.cisv.ch\/wp-content\/uploads\/2024\/05\/Fam_Berge-1536x864.jpg 1536w, https:\/\/www.cisv.ch\/wp-content\/uploads\/2024\/05\/Fam_Berge-2048x1152.jpg 2048w, https:\/\/www.cisv.ch\/wp-content\/uploads\/2024\/05\/Fam_Berge-18x10.jpg 18w, https:\/\/www.cisv.ch\/wp-content\/uploads\/2024\/05\/Fam_Berge-800x450.jpg 800w\" sizes=\"(max-width: 1024px) 100vw, 1024px\" \/>\t\t\t\t\t\t\t\t\t\t\t\t\t\t\t<\/div>\n\t\t\t\t<\/div>\n\t\t\t\t<div class=\"elementor-element elementor-element-b20cc45 elementor-widget__width-initial elementor-widget elementor-widget-image\" data-id=\"b20cc45\" data-element_type=\"widget\" data-widget_type=\"image.default\">\n\t\t\t\t<div class=\"elementor-widget-container\">\n\t\t\t\t\t\t\t\t\t\t\t\t\t\t\t<img loading=\"lazy\" decoding=\"async\" width=\"768\" height=\"1152\" src=\"https:\/\/www.cisv.ch\/wp-content\/uploads\/2024\/05\/Fam_DE_4-768x1152.jpg\" class=\"attachment-medium_large size-medium_large wp-image-2912\" alt=\"\" srcset=\"https:\/\/www.cisv.ch\/wp-content\/uploads\/2024\/05\/Fam_DE_4-768x1152.jpg 768w, https:\/\/www.cisv.ch\/wp-content\/uploads\/2024\/05\/Fam_DE_4-200x300.jpg 200w, https:\/\/www.cisv.ch\/wp-content\/uploads\/2024\/05\/Fam_DE_4-683x1024.jpg 683w, https:\/\/www.cisv.ch\/wp-content\/uploads\/2024\/05\/Fam_DE_4-1024x1536.jpg 1024w, https:\/\/www.cisv.ch\/wp-content\/uploads\/2024\/05\/Fam_DE_4-1365x2048.jpg 1365w, https:\/\/www.cisv.ch\/wp-content\/uploads\/2024\/05\/Fam_DE_4-8x12.jpg 8w, https:\/\/www.cisv.ch\/wp-content\/uploads\/2024\/05\/Fam_DE_4-scaled.jpg 1707w\" sizes=\"(max-width: 768px) 100vw, 768px\" \/>\t\t\t\t\t\t\t\t\t\t\t\t\t\t\t<\/div>\n\t\t\t\t<\/div>\n\t\t\t\t<div class=\"elementor-element elementor-element-5c229c5 elementor-widget__width-initial elementor-widget elementor-widget-text-editor\" data-id=\"5c229c5\" data-element_type=\"widget\" data-widget_type=\"text-editor.default\">\n\t\t\t\t<div class=\"elementor-widget-container\">\n\t\t\t\t\t\t\t\t\t<p style=\"text-align: left;\">Further information<\/p><ul><li>On our website: <a href=\"http:\/\/afs.ch\/fda\" target=\"_blank\" rel=\"noopener\">afs.ch\/fda<\/a><\/li><li>At our Zoom information evenings: <a href=\"https:\/\/bit.ly\/3KlmDLX\" target=\"_blank\" rel=\"noopener\">https:\/\/bit.ly\/3KlmDLX<\/a><\/li><\/ul><p>Contact : Artemis Mazzotti: hostingadmission@afs.org<\/p>\t\t\t\t\t\t\t\t<\/div>\n\t\t\t\t<\/div>\n\t\t\t\t\t<\/div>\n\t\t<\/div>\n\t\t\t\t\t<\/div>\n\t\t<\/section>\n\t\t\t\t<\/div>","protected":false},"excerpt":{"rendered":"<p>Dear members, We are pleased to share with you our June CISV Switzerland Newsletter! This is an opportunity to share with you the latest developments in our Chapter. Please reach out with any contributions and suggestions! Recent Updates Meeting in Basel March 2024 First of all, the meeting in Basel organized by Charlotte and Annelise [&hellip;]<\/p>","protected":false},"author":1,"featured_media":2892,"comment_status":"closed","ping_status":"closed","sticky":false,"template":"","format":"standard","meta":{"ocean_post_layout":"","ocean_both_sidebars_style":"","ocean_both_sidebars_content_width":0,"ocean_both_sidebars_sidebars_width":0,"ocean_sidebar":"","ocean_second_sidebar":"","ocean_disable_margins":"enable","ocean_add_body_class":"","ocean_shortcode_before_top_bar":"","ocean_shortcode_after_top_bar":"","ocean_shortcode_before_header":"","ocean_shortcode_after_header":"","ocean_has_shortcode":"","ocean_shortcode_after_title":"","ocean_shortcode_before_footer_widgets":"","ocean_shortcode_after_footer_widgets":"","ocean_shortcode_before_footer_bottom":"","ocean_shortcode_after_footer_bottom":"","ocean_display_top_bar":"default","ocean_display_header":"default","ocean_header_style":"","ocean_center_header_left_menu":"","ocean_custom_header_template":"","ocean_custom_logo":0,"ocean_custom_retina_logo":0,"ocean_custom_logo_max_width":0,"ocean_custom_logo_tablet_max_width":0,"ocean_custom_logo_mobile_max_width":0,"ocean_custom_logo_max_height":0,"ocean_custom_logo_tablet_max_height":0,"ocean_custom_logo_mobile_max_height":0,"ocean_header_custom_menu":"","ocean_menu_typo_font_family":"","ocean_menu_typo_font_subset":"","ocean_menu_typo_font_size":0,"ocean_menu_typo_font_size_tablet":0,"ocean_menu_typo_font_size_mobile":0,"ocean_menu_typo_font_size_unit":"px","ocean_menu_typo_font_weight":"","ocean_menu_typo_font_weight_tablet":"","ocean_menu_typo_font_weight_mobile":"","ocean_menu_typo_transform":"","ocean_menu_typo_transform_tablet":"","ocean_menu_typo_transform_mobile":"","ocean_menu_typo_line_height":0,"ocean_menu_typo_line_height_tablet":0,"ocean_menu_typo_line_height_mobile":0,"ocean_menu_typo_line_height_unit":"","ocean_menu_typo_spacing":0,"ocean_menu_typo_spacing_tablet":0,"ocean_menu_typo_spacing_mobile":0,"ocean_menu_typo_spacing_unit":"","ocean_menu_link_color":"","ocean_menu_link_color_hover":"","ocean_menu_link_color_active":"","ocean_menu_link_background":"","ocean_menu_link_hover_background":"","ocean_menu_link_active_background":"","ocean_menu_social_links_bg":"","ocean_menu_social_hover_links_bg":"","ocean_menu_social_links_color":"","ocean_menu_social_hover_links_color":"","ocean_disable_title":"default","ocean_disable_heading":"default","ocean_post_title":"","ocean_post_subheading":"","ocean_post_title_style":"","ocean_post_title_background_color":"","ocean_post_title_background":0,"ocean_post_title_bg_image_position":"","ocean_post_title_bg_image_attachment":"","ocean_post_title_bg_image_repeat":"","ocean_post_title_bg_image_size":"","ocean_post_title_height":0,"ocean_post_title_bg_overlay":0.5,"ocean_post_title_bg_overlay_color":"","ocean_disable_breadcrumbs":"default","ocean_breadcrumbs_color":"","ocean_breadcrumbs_separator_color":"","ocean_breadcrumbs_links_color":"","ocean_breadcrumbs_links_hover_color":"","ocean_display_footer_widgets":"default","ocean_display_footer_bottom":"default","ocean_custom_footer_template":"","ocean_post_oembed":"","ocean_post_self_hosted_media":"","ocean_post_video_embed":"","ocean_link_format":"","ocean_link_format_target":"self","ocean_quote_format":"","ocean_quote_format_link":"post","ocean_gallery_link_images":"on","ocean_gallery_id":[],"footnotes":""},"categories":[201],"tags":[],"class_list":["post-2882","post","type-post","status-publish","format-standard","has-post-thumbnail","hentry","category-news","entry","has-media"],"_links":{"self":[{"href":"https:\/\/www.cisv.ch\/fr\/wp-json\/wp\/v2\/posts\/2882","targetHints":{"allow":["GET"]}}],"collection":[{"href":"https:\/\/www.cisv.ch\/fr\/wp-json\/wp\/v2\/posts"}],"about":[{"href":"https:\/\/www.cisv.ch\/fr\/wp-json\/wp\/v2\/types\/post"}],"author":[{"embeddable":true,"href":"https:\/\/www.cisv.ch\/fr\/wp-json\/wp\/v2\/users\/1"}],"replies":[{"embeddable":true,"href":"https:\/\/www.cisv.ch\/fr\/wp-json\/wp\/v2\/comments?post=2882"}],"version-history":[{"count":38,"href":"https:\/\/www.cisv.ch\/fr\/wp-json\/wp\/v2\/posts\/2882\/revisions"}],"predecessor-version":[{"id":2930,"href":"https:\/\/www.cisv.ch\/fr\/wp-json\/wp\/v2\/posts\/2882\/revisions\/2930"}],"wp:featuredmedia":[{"embeddable":true,"href":"https:\/\/www.cisv.ch\/fr\/wp-json\/wp\/v2\/media\/2892"}],"wp:attachment":[{"href":"https:\/\/www.cisv.ch\/fr\/wp-json\/wp\/v2\/media?parent=2882"}],"wp:term":[{"taxonomy":"category","embeddable":true,"href":"https:\/\/www.cisv.ch\/fr\/wp-json\/wp\/v2\/categories?post=2882"},{"taxonomy":"post_tag","embeddable":true,"href":"https:\/\/www.cisv.ch\/fr\/wp-json\/wp\/v2\/tags?post=2882"}],"curies":[{"name":"wp","href":"https:\/\/api.w.org\/{rel}","templated":true}]}}