{"id":2740,"date":"2023-10-03T09:39:31","date_gmt":"2023-10-03T07:39:31","guid":{"rendered":"https:\/\/www.cisv.ch\/?p=2740"},"modified":"2023-10-03T11:01:00","modified_gmt":"2023-10-03T09:01:00","slug":"newsletter-september-2023","status":"publish","type":"post","link":"https:\/\/www.cisv.ch\/fr\/newsletter-september-2023\/","title":{"rendered":"Newsletter Septembre 2023"},"content":{"rendered":"<div data-elementor-type=\"wp-post\" data-elementor-id=\"2740\" class=\"elementor elementor-2740\">\n\t\t\t\t\t\t<section class=\"elementor-section elementor-top-section elementor-element elementor-element-b148587 elementor-section-boxed elementor-section-height-default elementor-section-height-default\" data-id=\"b148587\" data-element_type=\"section\">\n\t\t\t\t\t\t<div class=\"elementor-container elementor-column-gap-default\">\n\t\t\t\t\t<div class=\"elementor-column elementor-col-100 elementor-top-column elementor-element elementor-element-64bb5a0\" data-id=\"64bb5a0\" data-element_type=\"column\">\n\t\t\t<div class=\"elementor-widget-wrap elementor-element-populated\">\n\t\t\t\t\t\t<div class=\"elementor-element elementor-element-08bfbf0 elementor-widget elementor-widget-text-editor\" data-id=\"08bfbf0\" data-element_type=\"widget\" data-widget_type=\"text-editor.default\">\n\t\t\t\t<div class=\"elementor-widget-container\">\n\t\t\t\t\t\t\t\t\t<p><span style=\"font-weight: 400;\">Chers et ch\u00e8res membres,<\/span><\/p><p><span style=\"font-weight: 400;\">Nous avons le plaisir de vous faire parvenir notre newsletter d\u2019automne! C\u2019est pour nous l\u2019occasion de partager avec vous les derni\u00e8res nouvelles du CISV Switzerland. N'h\u00e9sitez pas \u00e0 partager vos nouvelles et suggestions!<\/span><\/p>\t\t\t\t\t\t\t\t<\/div>\n\t\t\t\t<\/div>\n\t\t\t\t<div class=\"elementor-element elementor-element-a49ab52 elementor-widget elementor-widget-heading\" data-id=\"a49ab52\" data-element_type=\"widget\" data-widget_type=\"heading.default\">\n\t\t\t\t<div class=\"elementor-widget-container\">\n\t\t\t\t\t<h2 class=\"elementor-heading-title elementor-size-default\">Derni\u00e8res nouvelles<\/h2>\t\t\t\t<\/div>\n\t\t\t\t<\/div>\n\t\t\t\t<div class=\"elementor-element elementor-element-24e719e elementor-widget elementor-widget-text-editor\" data-id=\"24e719e\" data-element_type=\"widget\" data-widget_type=\"text-editor.default\">\n\t\t\t\t<div class=\"elementor-widget-container\">\n\t\t\t\t\t\t\t\t\t<p><span style=\"font-weight: 400;\">Le 24 septembre, la \u00ab famille \u00bb \u00e9largie du CISV Switzerland s'est r\u00e9unie pour notre traditionnel Family Day ! Le but du Family Day est de se retrouver apr\u00e8s les camps d'\u00e9t\u00e9 pour partager nos exp\u00e9riences, profiter d\u2019un moment d'amiti\u00e9 et de bonheur, permettre \u00e0 toute personne int\u00e9ress\u00e9e de d\u00e9couvrir le CISV et de rencontrer les membres CISV et enfin de profiter des activit\u00e9s CISV ensemble, tout en d\u00e9couvrant la Suisse.<\/span><\/p><p><span style=\"font-weight: 400;\">Cette ann\u00e9e, le Family Day a pris la forme d'une promenade en famille, dans les magnifiques d\u00e9cors de Fribourg, sous le soleil d'Automne ! <\/span><\/p>\t\t\t\t\t\t\t\t<\/div>\n\t\t\t\t<\/div>\n\t\t\t\t<div class=\"elementor-element elementor-element-0add307 elementor-widget elementor-widget-image-gallery\" data-id=\"0add307\" data-element_type=\"widget\" data-widget_type=\"image-gallery.default\">\n\t\t\t\t<div class=\"elementor-widget-container\">\n\t\t\t\t\t\t\t<div class=\"elementor-image-gallery\">\n\t\t\t<div id='gallery-1' class='gallery galleryid-2740 gallery-columns-2 gallery-size-large'><figure class='gallery-item'>\n\t\t\t<div class='gallery-icon landscape'>\n\t\t\t\t<a data-elementor-open-lightbox=\"yes\" data-elementor-lightbox-slideshow=\"0add307\" data-elementor-lightbox-title=\"IMG_8653\" data-e-action-hash=\"#elementor-action%3Aaction%3Dlightbox%26settings%3DeyJpZCI6Mjc3MiwidXJsIjoiaHR0cHM6XC9cL3d3dy5jaXN2LmNoXC93cC1jb250ZW50XC91cGxvYWRzXC8yMDIzXC8xMFwvSU1HXzg2NTMuanBnIiwic2xpZGVzaG93IjoiMGFkZDMwNyJ9\" href='https:\/\/www.cisv.ch\/wp-content\/uploads\/2023\/10\/IMG_8653.jpg'><img fetchpriority=\"high\" decoding=\"async\" width=\"1024\" height=\"768\" src=\"https:\/\/www.cisv.ch\/wp-content\/uploads\/2023\/10\/IMG_8653-1024x768.jpg\" class=\"attachment-large size-large\" alt=\"\" srcset=\"https:\/\/www.cisv.ch\/wp-content\/uploads\/2023\/10\/IMG_8653-1024x768.jpg 1024w, https:\/\/www.cisv.ch\/wp-content\/uploads\/2023\/10\/IMG_8653-300x225.jpg 300w, https:\/\/www.cisv.ch\/wp-content\/uploads\/2023\/10\/IMG_8653-768x576.jpg 768w, https:\/\/www.cisv.ch\/wp-content\/uploads\/2023\/10\/IMG_8653-1536x1152.jpg 1536w, https:\/\/www.cisv.ch\/wp-content\/uploads\/2023\/10\/IMG_8653-16x12.jpg 16w, https:\/\/www.cisv.ch\/wp-content\/uploads\/2023\/10\/IMG_8653.jpg 2016w\" sizes=\"(max-width: 1024px) 100vw, 1024px\" \/><\/a>\n\t\t\t<\/div><\/figure><figure class='gallery-item'>\n\t\t\t<div class='gallery-icon landscape'>\n\t\t\t\t<a data-elementor-open-lightbox=\"yes\" data-elementor-lightbox-slideshow=\"0add307\" data-elementor-lightbox-title=\"IMG_8654\" data-e-action-hash=\"#elementor-action%3Aaction%3Dlightbox%26settings%3DeyJpZCI6Mjc3MywidXJsIjoiaHR0cHM6XC9cL3d3dy5jaXN2LmNoXC93cC1jb250ZW50XC91cGxvYWRzXC8yMDIzXC8xMFwvSU1HXzg2NTQuanBnIiwic2xpZGVzaG93IjoiMGFkZDMwNyJ9\" href='https:\/\/www.cisv.ch\/wp-content\/uploads\/2023\/10\/IMG_8654.jpg'><img decoding=\"async\" width=\"1024\" height=\"768\" src=\"https:\/\/www.cisv.ch\/wp-content\/uploads\/2023\/10\/IMG_8654-1024x768.jpg\" class=\"attachment-large size-large\" alt=\"\" srcset=\"https:\/\/www.cisv.ch\/wp-content\/uploads\/2023\/10\/IMG_8654-1024x768.jpg 1024w, https:\/\/www.cisv.ch\/wp-content\/uploads\/2023\/10\/IMG_8654-300x225.jpg 300w, https:\/\/www.cisv.ch\/wp-content\/uploads\/2023\/10\/IMG_8654-768x576.jpg 768w, https:\/\/www.cisv.ch\/wp-content\/uploads\/2023\/10\/IMG_8654-1536x1152.jpg 1536w, https:\/\/www.cisv.ch\/wp-content\/uploads\/2023\/10\/IMG_8654-16x12.jpg 16w, https:\/\/www.cisv.ch\/wp-content\/uploads\/2023\/10\/IMG_8654.jpg 2016w\" sizes=\"(max-width: 1024px) 100vw, 1024px\" \/><\/a>\n\t\t\t<\/div><\/figure>\n\t\t<\/div>\n\t\t<\/div>\n\t\t\t\t\t\t<\/div>\n\t\t\t\t<\/div>\n\t\t\t\t<div class=\"elementor-element elementor-element-4fd7f46 elementor-widget elementor-widget-text-editor\" data-id=\"4fd7f46\" data-element_type=\"widget\" data-widget_type=\"text-editor.default\">\n\t\t\t\t<div class=\"elementor-widget-container\">\n\t\t\t\t\t\t\t\t\t<p>Les d\u00e9l\u00e9gations des camps d'\u00e9t\u00e9 2023 ont partag\u00e9 avec nous leurs exp\u00e9riences et leurs souvenirs et ont profit\u00e9 de l'occasion pour des retrouvailles riches en \u00e9motion.<\/p><p class=\"translation-block\">Cet \u00e9t\u00e9 le CISV Suisse a envoy\u00e9 28 enfants et 5 leaders \u00e0 travers le monde ! Et nous avons re\u00e7u 26 jeunes dans notre Seminar Camp d\u2019Arzier.<\/p>\t\t\t\t\t\t\t\t<\/div>\n\t\t\t\t<\/div>\n\t\t\t\t<div class=\"elementor-element elementor-element-52feb3c elementor-widget elementor-widget-image-gallery\" data-id=\"52feb3c\" data-element_type=\"widget\" data-widget_type=\"image-gallery.default\">\n\t\t\t\t<div class=\"elementor-widget-container\">\n\t\t\t\t\t\t\t<div class=\"elementor-image-gallery\">\n\t\t\t<div id='gallery-2' class='gallery galleryid-2740 gallery-columns-2 gallery-size-large'><figure class='gallery-item'>\n\t\t\t<div class='gallery-icon portrait'>\n\t\t\t\t<a data-elementor-open-lightbox=\"yes\" data-elementor-lightbox-slideshow=\"52feb3c\" data-elementor-lightbox-title=\"IMG_8649\" data-e-action-hash=\"#elementor-action%3Aaction%3Dlightbox%26settings%3DeyJpZCI6Mjc3NywidXJsIjoiaHR0cHM6XC9cL3d3dy5jaXN2LmNoXC93cC1jb250ZW50XC91cGxvYWRzXC8yMDIzXC8xMFwvSU1HXzg2NDktcm90YXRlZC5qcGciLCJzbGlkZXNob3ciOiI1MmZlYjNjIn0%3D\" href='https:\/\/www.cisv.ch\/wp-content\/uploads\/2023\/10\/IMG_8649-rotated.jpg'><img decoding=\"async\" width=\"768\" height=\"1024\" src=\"https:\/\/www.cisv.ch\/wp-content\/uploads\/2023\/10\/IMG_8649-768x1024.jpg\" class=\"attachment-large size-large\" alt=\"\" srcset=\"https:\/\/www.cisv.ch\/wp-content\/uploads\/2023\/10\/IMG_8649-768x1024.jpg 768w, https:\/\/www.cisv.ch\/wp-content\/uploads\/2023\/10\/IMG_8649-225x300.jpg 225w, https:\/\/www.cisv.ch\/wp-content\/uploads\/2023\/10\/IMG_8649-1152x1536.jpg 1152w, https:\/\/www.cisv.ch\/wp-content\/uploads\/2023\/10\/IMG_8649-9x12.jpg 9w, https:\/\/www.cisv.ch\/wp-content\/uploads\/2023\/10\/IMG_8649-rotated.jpg 1512w\" sizes=\"(max-width: 768px) 100vw, 768px\" \/><\/a>\n\t\t\t<\/div><\/figure><figure class='gallery-item'>\n\t\t\t<div class='gallery-icon portrait'>\n\t\t\t\t<a data-elementor-open-lightbox=\"yes\" data-elementor-lightbox-slideshow=\"52feb3c\" data-elementor-lightbox-title=\"IMG_8655\" data-e-action-hash=\"#elementor-action%3Aaction%3Dlightbox%26settings%3DeyJpZCI6Mjc3OCwidXJsIjoiaHR0cHM6XC9cL3d3dy5jaXN2LmNoXC93cC1jb250ZW50XC91cGxvYWRzXC8yMDIzXC8xMFwvSU1HXzg2NTUtcm90YXRlZC5qcGciLCJzbGlkZXNob3ciOiI1MmZlYjNjIn0%3D\" href='https:\/\/www.cisv.ch\/wp-content\/uploads\/2023\/10\/IMG_8655-rotated.jpg'><img loading=\"lazy\" decoding=\"async\" width=\"768\" height=\"1024\" src=\"https:\/\/www.cisv.ch\/wp-content\/uploads\/2023\/10\/IMG_8655-768x1024.jpg\" class=\"attachment-large size-large\" alt=\"\" srcset=\"https:\/\/www.cisv.ch\/wp-content\/uploads\/2023\/10\/IMG_8655-768x1024.jpg 768w, https:\/\/www.cisv.ch\/wp-content\/uploads\/2023\/10\/IMG_8655-225x300.jpg 225w, https:\/\/www.cisv.ch\/wp-content\/uploads\/2023\/10\/IMG_8655-1152x1536.jpg 1152w, https:\/\/www.cisv.ch\/wp-content\/uploads\/2023\/10\/IMG_8655-9x12.jpg 9w, https:\/\/www.cisv.ch\/wp-content\/uploads\/2023\/10\/IMG_8655-rotated.jpg 1512w\" sizes=\"(max-width: 768px) 100vw, 768px\" \/><\/a>\n\t\t\t<\/div><\/figure>\n\t\t<\/div>\n\t\t<\/div>\n\t\t\t\t\t\t<\/div>\n\t\t\t\t<\/div>\n\t\t\t\t<div class=\"elementor-element elementor-element-2ad4d9e elementor-widget elementor-widget-text-editor\" data-id=\"2ad4d9e\" data-element_type=\"widget\" data-widget_type=\"text-editor.default\">\n\t\t\t\t<div class=\"elementor-widget-container\">\n\t\t\t\t\t\t\t\t\t<p class=\"translation-block\">Nous en avons \u00e9galement profit\u00e9 pour rappeler aux familles les principes d'engagement du CISV (voir Nos camps 2024 ci-dessous pour plus de d\u00e9tails) et parler du prochain mini-camp de novembre (voir Save the date ci-dessous).<\/p>\t\t\t\t\t\t\t\t<\/div>\n\t\t\t\t<\/div>\n\t\t\t\t<div class=\"elementor-element elementor-element-919daa3 elementor-widget elementor-widget-heading\" data-id=\"919daa3\" data-element_type=\"widget\" data-widget_type=\"heading.default\">\n\t\t\t\t<div class=\"elementor-widget-container\">\n\t\t\t\t\t<h2 class=\"elementor-heading-title elementor-size-default\">Nouvelles de l'international<\/h2>\t\t\t\t<\/div>\n\t\t\t\t<\/div>\n\t\t\t\t<div class=\"elementor-element elementor-element-1b11d25 elementor-widget elementor-widget-text-editor\" data-id=\"1b11d25\" data-element_type=\"widget\" data-widget_type=\"text-editor.default\">\n\t\t\t\t<div class=\"elementor-widget-container\">\n\t\t\t\t\t\t\t\t\t<p>Comme chaque ann\u00e9e, l\u2019\u00e9t\u00e9 est la p\u00e9riode de vote pour le CISV International. Cette ann\u00e9e, afin de rem\u00e9dier au probl\u00e8me pos\u00e9 par les restrictions d\u2019\u00e2ge \u00e0 chaque programme, les \u201cNational Associations\u201d (c'est-\u00e0-dire les pays membres) ont vot\u00e9 pour une r\u00e9vision de la r\u00e8gle. D\u00e8s maintenant, l\u2019\u00e2ge qui sera pris en compte pour les camps sera celui que les enfants auront eu dans les 12 mois pr\u00e9c\u00e9dant le 31 ao\u00fbt de la saison en question. Un enfant n\u00e9 entre le 1er septembre 2012 et le 31 ao\u00fbt 2013 sera donc \u00e9ligible pour un village en 2024.<\/p><p>Cette nouvelle r\u00e8gle permet de garantir que tous les enfants soient \u00e9ligibles pour un programme de leur 11 ans \u00e0 leur 17 ans compris.<\/p>\t\t\t\t\t\t\t\t<\/div>\n\t\t\t\t<\/div>\n\t\t\t\t<div class=\"elementor-element elementor-element-a4a2e6b elementor-widget elementor-widget-heading\" data-id=\"a4a2e6b\" data-element_type=\"widget\" data-widget_type=\"heading.default\">\n\t\t\t\t<div class=\"elementor-widget-container\">\n\t\t\t\t\t<h2 class=\"elementor-heading-title elementor-size-default\">Nos camps 2024<\/h2>\t\t\t\t<\/div>\n\t\t\t\t<\/div>\n\t\t\t\t<div class=\"elementor-element elementor-element-f78bc17 elementor-widget elementor-widget-text-editor\" data-id=\"f78bc17\" data-element_type=\"widget\" data-widget_type=\"text-editor.default\">\n\t\t\t\t<div class=\"elementor-widget-container\">\n\t\t\t\t\t\t\t\t\t<p class=\"translation-block\">Nous recevrons des invitations pour les camps internationaux 2024 de l\u2019International Office du CISV dans les prochaines semaines et communiquerons le nombre d'ouvertures par type de programme lors de notre Assembl\u00e9e G\u00e9n\u00e9rale du 5 novembre 2023. Les familles int\u00e9ress\u00e9es \u00e0 envoyer leurs enfants dans des camps en 2024 sont encourag\u00e9es \u00e0 envisager leur participation au mini camp de novembre (voir Save the Date ci-dessous) ainsi qu'un engagement familial dans le CISV tout au long de l'ann\u00e9e (voir ci-dessous). Une confirmation des destinations et des participants assign\u00e9s pour chaque camp est envisag\u00e9e en janvier 2024.<\/p><p>De notre c\u00f4t\u00e9, le CISV Switzerland h\u00e9bergera un camp Step-Up (14 ans) du 13 juillet au 4 ao\u00fbt 2024. Comme il est coutume, les enfants (environ 36 jeunes) seront log\u00e9s dans une famille d'accueil \u00e0 leur arriv\u00e9e en Suisse (pour le weekend du 13-14 juillet) et pendant que les Staff et Leaders pr\u00e9parent le camp.<\/p><p>Nous appelons donc<strong> toutes les familles CISV \u00e0 se rendre disponibles ce week-end du 13-14 juillet pour accueillir un minimum de deux enfants (ou plus) chez eux.<\/strong>Les arriv\u00e9es seront organis\u00e9es de mani\u00e8re \u00e0 ce que les familles aussi bien de Suisse romande que de Suisse al\u00e9manique puissent \u00eatre des familles d'accueil (host families). Plus d\u2019informations sur les familles d\u2019accueil sont disponibles en anglais <a href=\"https:\/\/gb.cisv.org\/joinus\/hostfamily\/\">ici<\/a>. Veuillez noter que pour devenir famille d'accueil, il sera n\u00e9cessaire d'avoir suivi une courte formation en ligne, plus d\u2019infos \u00e0 ce sujet sont \u00e0 suivre.<\/p><p>Comme vous le savez, l'un des valeurs du CISV est le b\u00e9n\u00e9volat et l'engagement au sein de l'association. A ce titre, <strong>l'implication des familles en tant que b\u00e9n\u00e9voles (nettoyage apr\u00e8s les camps, cuisine lors des mini camps) et notamment en tant que famille d'accueil (host family) sera un crit\u00e8re de s\u00e9lection pour participer aux camps en 2024.<\/strong>Voir aussi<em>R\u00f4les \u00e0 pourvoir au sein du Comit\u00e9 <\/em>ci-dessous<\/p>\t\t\t\t\t\t\t\t<\/div>\n\t\t\t\t<\/div>\n\t\t\t\t<div class=\"elementor-element elementor-element-9ff0cea elementor-widget elementor-widget-heading\" data-id=\"9ff0cea\" data-element_type=\"widget\" data-widget_type=\"heading.default\">\n\t\t\t\t<div class=\"elementor-widget-container\">\n\t\t\t\t\t<h2 class=\"elementor-heading-title elementor-size-default\">focus on ... National junior Representative (NJR)<\/h2>\t\t\t\t<\/div>\n\t\t\t\t<\/div>\n\t\t\t\t<div class=\"elementor-element elementor-element-40281ac elementor-widget elementor-widget-text-editor\" data-id=\"40281ac\" data-element_type=\"widget\" data-widget_type=\"text-editor.default\">\n\t\t\t\t<div class=\"elementor-widget-container\">\n\t\t\t\t\t\t\t\t\t<p>Afin de vous montrer qui nous sommes et ce que nous faisons, nous avons d\u00e9cid\u00e9 de mettre en avant un r\u00f4le du comit\u00e9 par \u00e9dition de cette Newsletter. Et le tout premier sera les National Junior Representatives (NJR). Ces jeunes, membres de la Junior Branch (JB, 16-25 ans) travaillent en tandem, un senior et un junior.<\/p><p>D\u2019ailleurs, l\u2019\u00e9lection des NJR approche ! Sima, qui occupe le poste de Senior NJR, va bient\u00f4t le c\u00e9der \u00e0 Timot\u00e9. Une nouvelle personne va donc \u00eatre \u00e9lue en tant que junior NJR. Le r\u00f4le de NJR est important car il repr\u00e9sente la JB \u00e0 l\u2019international, il fait le lien entre les diff\u00e9rents comit\u00e9s et la JB et enfin il s\u2019occupe d\u2019animer la JB. Alors, qui sera notre nouveau NJR ?<\/p>\t\t\t\t\t\t\t\t<\/div>\n\t\t\t\t<\/div>\n\t\t\t\t<div class=\"elementor-element elementor-element-53903a8 elementor-widget elementor-widget-heading\" data-id=\"53903a8\" data-element_type=\"widget\" data-widget_type=\"heading.default\">\n\t\t\t\t<div class=\"elementor-widget-container\">\n\t\t\t\t\t<h5 class=\"elementor-heading-title elementor-size-default\">Nos fantastiques NJRs : Timot\u00e9 et Sima <\/h5>\t\t\t\t<\/div>\n\t\t\t\t<\/div>\n\t\t\t\t<div class=\"elementor-element elementor-element-0f17eb9 elementor-widget__width-initial elementor-widget elementor-widget-image\" data-id=\"0f17eb9\" data-element_type=\"widget\" data-widget_type=\"image.default\">\n\t\t\t\t<div class=\"elementor-widget-container\">\n\t\t\t\t\t\t\t\t\t\t\t\t\t\t\t<img loading=\"lazy\" decoding=\"async\" width=\"768\" height=\"768\" src=\"https:\/\/www.cisv.ch\/wp-content\/uploads\/2023\/10\/NJRTeam-768x768.jpg\" class=\"attachment-medium_large size-medium_large wp-image-2810\" alt=\"\" srcset=\"https:\/\/www.cisv.ch\/wp-content\/uploads\/2023\/10\/NJRTeam-768x768.jpg 768w, https:\/\/www.cisv.ch\/wp-content\/uploads\/2023\/10\/NJRTeam-300x300.jpg 300w, https:\/\/www.cisv.ch\/wp-content\/uploads\/2023\/10\/NJRTeam-1024x1024.jpg 1024w, https:\/\/www.cisv.ch\/wp-content\/uploads\/2023\/10\/NJRTeam-150x150.jpg 150w, https:\/\/www.cisv.ch\/wp-content\/uploads\/2023\/10\/NJRTeam-1536x1536.jpg 1536w, https:\/\/www.cisv.ch\/wp-content\/uploads\/2023\/10\/NJRTeam-12x12.jpg 12w, https:\/\/www.cisv.ch\/wp-content\/uploads\/2023\/10\/NJRTeam-600x600.jpg 600w, https:\/\/www.cisv.ch\/wp-content\/uploads\/2023\/10\/NJRTeam.jpg 2000w\" sizes=\"(max-width: 768px) 100vw, 768px\" \/>\t\t\t\t\t\t\t\t\t\t\t\t\t\t\t<\/div>\n\t\t\t\t<\/div>\n\t\t\t\t<div class=\"elementor-element elementor-element-18fc941 elementor-widget elementor-widget-heading\" data-id=\"18fc941\" data-element_type=\"widget\" data-widget_type=\"heading.default\">\n\t\t\t\t<div class=\"elementor-widget-container\">\n\t\t\t\t\t<h2 class=\"elementor-heading-title elementor-size-default\">save the date <\/h2>\t\t\t\t<\/div>\n\t\t\t\t<\/div>\n\t\t\t\t<div class=\"elementor-element elementor-element-19aa3a1 elementor-widget elementor-widget-text-editor\" data-id=\"19aa3a1\" data-element_type=\"widget\" data-widget_type=\"text-editor.default\">\n\t\t\t\t<div class=\"elementor-widget-container\">\n\t\t\t\t\t\t\t\t\t<p>Le mini camp de novembre est l\u2019occasion pour les nouveaux membres de vivre une premi\u00e8re exp\u00e9rience CISV et pour ceux qui sont d\u00e9j\u00e0 partis en camp de partager leurs exp\u00e9riences, raconter ce qu\u2019ils ont appris de nouveau et apprendre diff\u00e9rentes activit\u00e9s et jeux.<\/p><p>La JB (16-25 ans) se r\u00e9unit le vendredi soir 3 novembre afin d\u2019accueillir les nouveaux, organiser le planning du week-end et faire des activit\u00e9s demandant une r\u00e9flexion plus aboutie. Les plus jeunes rejoignent le mini camp samedi 4 novembre pour un petit avant-go\u00fbt des camps. Le camp est cl\u00f4tur\u00e9 par notre Assembl\u00e9e G\u00e9n\u00e9rale (AG) le 5 novembre apr\u00e8s-midi.<\/p><p>Toute personne int\u00e9ress\u00e9e \u00e0 partir avec le CISV en 2024 est fortement encourag\u00e9e \u00e0 participer au mini camp et<strong>la pr\u00e9sence des familles \u00e0 notre AG est recommand\u00e9e et elle est ouverte \u00e0 tous et toutes, m\u00eame \u00e0 ceux et celles qui ne participent pas au minicamp,<\/strong>le formulaire d\u2019inscription va suivre d\u2019ici peu alors\u2026\u00e0 vos agendas!<\/p>\t\t\t\t\t\t\t\t<\/div>\n\t\t\t\t<\/div>\n\t\t\t\t<div class=\"elementor-element elementor-element-7659cc7 elementor-widget elementor-widget-heading\" data-id=\"7659cc7\" data-element_type=\"widget\" data-widget_type=\"heading.default\">\n\t\t\t\t<div class=\"elementor-widget-container\">\n\t\t\t\t\t<h2 class=\"elementor-heading-title elementor-size-default\">R\u00f4les \u00e0 pourvoir au sein du comit\u00e9<\/h2>\t\t\t\t<\/div>\n\t\t\t\t<\/div>\n\t\t\t\t<div class=\"elementor-element elementor-element-bbee2a8 elementor-widget elementor-widget-text-editor\" data-id=\"bbee2a8\" data-element_type=\"widget\" data-widget_type=\"text-editor.default\">\n\t\t\t\t<div class=\"elementor-widget-container\">\n\t\t\t\t\t\t\t\t\t<p>Nous tenons \u00e0 remercier plusieurs membres du comit\u00e9 pour qui il \u00e9tait temps de passer \u00e0 d\u2019autres projets. Depuis plusieurs ann\u00e9es, ils ont donn\u00e9 de leur temps, de leur cr\u00e9ativit\u00e9 et de leur \u00e9nergie au CISV Switzerland, rendant toutes nos activit\u00e9s possibles ! Merci Damien, Souheil et Sima, on vous souhaite tout le meilleur pour la suite !<\/p>\n<p>Nous avons ainsi de nouveaux r\u00f4les \u00e0 pourvoir. Vous pouvez lire une plus ample description de ce qu\u2019ils impliquent sur notre site <a href=\"https:\/\/www.cisv.ch\/fr\/the-committee\/\">ici<\/a>.<\/p>\n<ul>\n<li>NJR Junior<\/li>\n<li>Coordinateur de camp national<\/li>\n<li>Coordinateur des volontaires<\/li>\n<li>Coordinateur de mini-camp<\/li>\n<li>Coordinateur Step Up<\/li>\n<\/ul>\t\t\t\t\t\t\t\t<\/div>\n\t\t\t\t<\/div>\n\t\t\t\t<div class=\"elementor-element elementor-element-cc86f6a elementor-widget elementor-widget-text-editor\" data-id=\"cc86f6a\" data-element_type=\"widget\" data-widget_type=\"text-editor.default\">\n\t\t\t\t<div class=\"elementor-widget-container\">\n\t\t\t\t\t\t\t\t\t<p>Nous nous r\u00e9jouissons de vous voir tout bient\u00f4t au minicamp et \u00e0 notre Assembl\u00e9e G\u00e9n\u00e9rale !<\/p>\n<p>Le CISV Switzerland<\/p>\n<p><\/p>\t\t\t\t\t\t\t\t<\/div>\n\t\t\t\t<\/div>\n\t\t\t\t\t<\/div>\n\t\t<\/div>\n\t\t\t\t\t<\/div>\n\t\t<\/section>\n\t\t\t\t<\/div>","protected":false},"excerpt":{"rendered":"<p>Dear members, We are pleased to share with you our CISV Switzerland Fall Newsletter! This is an opportunity to share with you the latest developments in our Chapter. Please reach out with any contributions and suggestions! Recent Updates On 24 September, the extended \u201cfamily\u201d of CISV Switzerland got together for our traditional Family Day! The [&hellip;]<\/p>","protected":false},"author":1,"featured_media":2808,"comment_status":"closed","ping_status":"closed","sticky":false,"template":"","format":"standard","meta":{"ocean_post_layout":"","ocean_both_sidebars_style":"","ocean_both_sidebars_content_width":0,"ocean_both_sidebars_sidebars_width":0,"ocean_sidebar":"0","ocean_second_sidebar":"0","ocean_disable_margins":"enable","ocean_add_body_class":"","ocean_shortcode_before_top_bar":"","ocean_shortcode_after_top_bar":"","ocean_shortcode_before_header":"","ocean_shortcode_after_header":"","ocean_has_shortcode":"","ocean_shortcode_after_title":"","ocean_shortcode_before_footer_widgets":"","ocean_shortcode_after_footer_widgets":"","ocean_shortcode_before_footer_bottom":"","ocean_shortcode_after_footer_bottom":"","ocean_display_top_bar":"default","ocean_display_header":"default","ocean_header_style":"","ocean_center_header_left_menu":"0","ocean_custom_header_template":"0","ocean_custom_logo":0,"ocean_custom_retina_logo":0,"ocean_custom_logo_max_width":0,"ocean_custom_logo_tablet_max_width":0,"ocean_custom_logo_mobile_max_width":0,"ocean_custom_logo_max_height":0,"ocean_custom_logo_tablet_max_height":0,"ocean_custom_logo_mobile_max_height":0,"ocean_header_custom_menu":"0","ocean_menu_typo_font_family":"0","ocean_menu_typo_font_subset":"","ocean_menu_typo_font_size":0,"ocean_menu_typo_font_size_tablet":0,"ocean_menu_typo_font_size_mobile":0,"ocean_menu_typo_font_size_unit":"px","ocean_menu_typo_font_weight":"","ocean_menu_typo_font_weight_tablet":"","ocean_menu_typo_font_weight_mobile":"","ocean_menu_typo_transform":"","ocean_menu_typo_transform_tablet":"","ocean_menu_typo_transform_mobile":"","ocean_menu_typo_line_height":0,"ocean_menu_typo_line_height_tablet":0,"ocean_menu_typo_line_height_mobile":0,"ocean_menu_typo_line_height_unit":"","ocean_menu_typo_spacing":0,"ocean_menu_typo_spacing_tablet":0,"ocean_menu_typo_spacing_mobile":0,"ocean_menu_typo_spacing_unit":"","ocean_menu_link_color":"","ocean_menu_link_color_hover":"","ocean_menu_link_color_active":"","ocean_menu_link_background":"","ocean_menu_link_hover_background":"","ocean_menu_link_active_background":"","ocean_menu_social_links_bg":"","ocean_menu_social_hover_links_bg":"","ocean_menu_social_links_color":"","ocean_menu_social_hover_links_color":"","ocean_disable_title":"default","ocean_disable_heading":"default","ocean_post_title":"","ocean_post_subheading":"","ocean_post_title_style":"","ocean_post_title_background_color":"","ocean_post_title_background":0,"ocean_post_title_bg_image_position":"","ocean_post_title_bg_image_attachment":"","ocean_post_title_bg_image_repeat":"","ocean_post_title_bg_image_size":"","ocean_post_title_height":0,"ocean_post_title_bg_overlay":0.5,"ocean_post_title_bg_overlay_color":"","ocean_disable_breadcrumbs":"default","ocean_breadcrumbs_color":"","ocean_breadcrumbs_separator_color":"","ocean_breadcrumbs_links_color":"","ocean_breadcrumbs_links_hover_color":"","ocean_display_footer_widgets":"default","ocean_display_footer_bottom":"default","ocean_custom_footer_template":"0","ocean_post_oembed":"","ocean_post_self_hosted_media":"","ocean_post_video_embed":"","ocean_link_format":"","ocean_link_format_target":"self","ocean_quote_format":"","ocean_quote_format_link":"post","ocean_gallery_link_images":"off","ocean_gallery_id":[],"footnotes":""},"categories":[201],"tags":[],"class_list":["post-2740","post","type-post","status-publish","format-standard","has-post-thumbnail","hentry","category-news","entry","has-media"],"_links":{"self":[{"href":"https:\/\/www.cisv.ch\/fr\/wp-json\/wp\/v2\/posts\/2740","targetHints":{"allow":["GET"]}}],"collection":[{"href":"https:\/\/www.cisv.ch\/fr\/wp-json\/wp\/v2\/posts"}],"about":[{"href":"https:\/\/www.cisv.ch\/fr\/wp-json\/wp\/v2\/types\/post"}],"author":[{"embeddable":true,"href":"https:\/\/www.cisv.ch\/fr\/wp-json\/wp\/v2\/users\/1"}],"replies":[{"embeddable":true,"href":"https:\/\/www.cisv.ch\/fr\/wp-json\/wp\/v2\/comments?post=2740"}],"version-history":[{"count":59,"href":"https:\/\/www.cisv.ch\/fr\/wp-json\/wp\/v2\/posts\/2740\/revisions"}],"predecessor-version":[{"id":2819,"href":"https:\/\/www.cisv.ch\/fr\/wp-json\/wp\/v2\/posts\/2740\/revisions\/2819"}],"wp:featuredmedia":[{"embeddable":true,"href":"https:\/\/www.cisv.ch\/fr\/wp-json\/wp\/v2\/media\/2808"}],"wp:attachment":[{"href":"https:\/\/www.cisv.ch\/fr\/wp-json\/wp\/v2\/media?parent=2740"}],"wp:term":[{"taxonomy":"category","embeddable":true,"href":"https:\/\/www.cisv.ch\/fr\/wp-json\/wp\/v2\/categories?post=2740"},{"taxonomy":"post_tag","embeddable":true,"href":"https:\/\/www.cisv.ch\/fr\/wp-json\/wp\/v2\/tags?post=2740"}],"curies":[{"name":"wp","href":"https:\/\/api.w.org\/{rel}","templated":true}]}}