{"id":2165,"date":"2021-04-02T13:25:30","date_gmt":"2021-04-02T11:25:30","guid":{"rendered":"http:\/\/www.cisv.ch\/?p=2165"},"modified":"2021-04-02T14:16:35","modified_gmt":"2021-04-02T12:16:35","slug":"newsletter-march-2021","status":"publish","type":"post","link":"https:\/\/www.cisv.ch\/fr\/newsletter-march-2021\/","title":{"rendered":"Newsletter Mars 2021"},"content":{"rendered":"<div data-elementor-type=\"wp-post\" data-elementor-id=\"2165\" class=\"elementor elementor-2165\">\n\t\t\t\t\t\t<section class=\"elementor-section elementor-top-section elementor-element elementor-element-be3ad1d elementor-section-boxed elementor-section-height-default elementor-section-height-default\" data-id=\"be3ad1d\" data-element_type=\"section\">\n\t\t\t\t\t\t<div class=\"elementor-container elementor-column-gap-default\">\n\t\t\t\t\t<div class=\"elementor-column elementor-col-100 elementor-top-column elementor-element elementor-element-6267246\" data-id=\"6267246\" data-element_type=\"column\">\n\t\t\t<div class=\"elementor-widget-wrap elementor-element-populated\">\n\t\t\t\t\t\t<div class=\"elementor-element elementor-element-cbfd5cf elementor-widget elementor-widget-text-editor\" data-id=\"cbfd5cf\" data-element_type=\"widget\" data-widget_type=\"text-editor.default\">\n\t\t\t\t<div class=\"elementor-widget-container\">\n\t\t\t\t\t\t\t\t\t<p>Chers et ch\u00e8res membres,<\/p><p>Nous avons le plaisir de vous partager notre, maintenant traditionnelle, Newsletter du CISV Suisse. C'est pour nous l\u2019occasion de partager avec vous le d\u00e9veloppement du CISV Suisse.<\/p>\t\t\t\t\t\t\t\t<\/div>\n\t\t\t\t<\/div>\n\t\t\t\t\t<\/div>\n\t\t<\/div>\n\t\t\t\t\t<\/div>\n\t\t<\/section>\n\t\t\t\t<section class=\"elementor-section elementor-top-section elementor-element elementor-element-1514533 elementor-section-boxed elementor-section-height-default elementor-section-height-default\" data-id=\"1514533\" data-element_type=\"section\">\n\t\t\t\t\t\t<div class=\"elementor-container elementor-column-gap-default\">\n\t\t\t\t\t<div class=\"elementor-column elementor-col-100 elementor-top-column elementor-element elementor-element-64ca018\" data-id=\"64ca018\" data-element_type=\"column\">\n\t\t\t<div class=\"elementor-widget-wrap elementor-element-populated\">\n\t\t\t\t\t\t<div class=\"elementor-element elementor-element-fe28f38 elementor-widget elementor-widget-heading\" data-id=\"fe28f38\" data-element_type=\"widget\" data-widget_type=\"heading.default\">\n\t\t\t\t<div class=\"elementor-widget-container\">\n\t\t\t\t\t<h2 class=\"elementor-heading-title elementor-size-default\">Day Camps<\/h2>\t\t\t\t<\/div>\n\t\t\t\t<\/div>\n\t\t\t\t\t<\/div>\n\t\t<\/div>\n\t\t\t\t\t<\/div>\n\t\t<\/section>\n\t\t\t\t<section class=\"elementor-section elementor-top-section elementor-element elementor-element-8116ac1 elementor-section-boxed elementor-section-height-default elementor-section-height-default\" data-id=\"8116ac1\" data-element_type=\"section\">\n\t\t\t\t\t\t<div class=\"elementor-container elementor-column-gap-default\">\n\t\t\t\t\t<div class=\"elementor-column elementor-col-100 elementor-top-column elementor-element elementor-element-5b24f5b\" data-id=\"5b24f5b\" data-element_type=\"column\">\n\t\t\t<div class=\"elementor-widget-wrap elementor-element-populated\">\n\t\t\t\t\t\t<div class=\"elementor-element elementor-element-d1a3b8e elementor-widget elementor-widget-text-editor\" data-id=\"d1a3b8e\" data-element_type=\"widget\" data-widget_type=\"text-editor.default\">\n\t\t\t\t<div class=\"elementor-widget-container\">\n\t\t\t\t\t\t\t\t\t<p>Pendant ces premiers mois, nous avons \u00e9t\u00e9 ravis de maintenir le lien avec vous et vos enfants gr\u00e2ce \u00e0 deux Day Camps via zoom.<br \/>Pendant ces premiers mois, nous avons \u00e9t\u00e9 ravis de maintenir le lien avec vous et vos enfants gr\u00e2ce \u00e0 deux Day Camps via zoom.\nDurant l'activit\u00e9 de janvier, ils ont pu tester leurs connaissances du CISV et de ses traditions dans une chasse au tr\u00e9sor virtuelle. Pour la seconde journ\u00e9e, qui a eu lieu en mars, nous avions organis\u00e9 une activit\u00e9 sur les diff\u00e9rence de point de vue dans un d\u00e9bat. <br \/>Nous avons \u00e9t\u00e9 ravis de constater l\u2019enthousiasme la participation active des jeunes lors de ces deux activit\u00e9s.<\/p><p>Tout en nous r\u00e9jouissant de pouvoir revoir vos enfants en personne, nous continuons notre apprentissage de zoom et appr\u00e9cions tout feedback que vous auriez \u00e0 nous donner.<\/p>\t\t\t\t\t\t\t\t<\/div>\n\t\t\t\t<\/div>\n\t\t\t\t<div class=\"elementor-element elementor-element-0c59e2f elementor-widget elementor-widget-image\" data-id=\"0c59e2f\" data-element_type=\"widget\" data-widget_type=\"image.default\">\n\t\t\t\t<div class=\"elementor-widget-container\">\n\t\t\t\t\t\t\t\t\t\t\t\t\t\t\t<img fetchpriority=\"high\" decoding=\"async\" width=\"768\" height=\"440\" src=\"https:\/\/www.cisv.ch\/wp-content\/uploads\/2020\/12\/Screenshot-2020-11-29-at-17.05.21-e1609428144524-768x440.png\" class=\"attachment-medium_large size-medium_large wp-image-1958\" alt=\"\" srcset=\"https:\/\/www.cisv.ch\/wp-content\/uploads\/2020\/12\/Screenshot-2020-11-29-at-17.05.21-e1609428144524-768x440.png 768w, https:\/\/www.cisv.ch\/wp-content\/uploads\/2020\/12\/Screenshot-2020-11-29-at-17.05.21-e1609428144524-300x172.png 300w, https:\/\/www.cisv.ch\/wp-content\/uploads\/2020\/12\/Screenshot-2020-11-29-at-17.05.21-e1609428144524-1024x587.png 1024w, https:\/\/www.cisv.ch\/wp-content\/uploads\/2020\/12\/Screenshot-2020-11-29-at-17.05.21-e1609428144524-1536x880.png 1536w, https:\/\/www.cisv.ch\/wp-content\/uploads\/2020\/12\/Screenshot-2020-11-29-at-17.05.21-e1609428144524-2048x1174.png 2048w, https:\/\/www.cisv.ch\/wp-content\/uploads\/2020\/12\/Screenshot-2020-11-29-at-17.05.21-e1609428144524-16x9.png 16w\" sizes=\"(max-width: 768px) 100vw, 768px\" \/>\t\t\t\t\t\t\t\t\t\t\t\t\t\t\t<\/div>\n\t\t\t\t<\/div>\n\t\t\t\t\t<\/div>\n\t\t<\/div>\n\t\t\t\t\t<\/div>\n\t\t<\/section>\n\t\t\t\t<section class=\"elementor-section elementor-top-section elementor-element elementor-element-656d6dc elementor-section-boxed elementor-section-height-default elementor-section-height-default\" data-id=\"656d6dc\" data-element_type=\"section\">\n\t\t\t\t\t\t<div class=\"elementor-container elementor-column-gap-default\">\n\t\t\t\t\t<div class=\"elementor-column elementor-col-100 elementor-top-column elementor-element elementor-element-2472912\" data-id=\"2472912\" data-element_type=\"column\">\n\t\t\t<div class=\"elementor-widget-wrap elementor-element-populated\">\n\t\t\t\t\t\t<div class=\"elementor-element elementor-element-b83687f elementor-widget elementor-widget-heading\" data-id=\"b83687f\" data-element_type=\"widget\" data-widget_type=\"heading.default\">\n\t\t\t\t<div class=\"elementor-widget-container\">\n\t\t\t\t\t<h2 class=\"elementor-heading-title elementor-size-default\">Camp National<\/h2>\t\t\t\t<\/div>\n\t\t\t\t<\/div>\n\t\t\t\t<div class=\"elementor-element elementor-element-25e16f3 elementor-widget elementor-widget-text-editor\" data-id=\"25e16f3\" data-element_type=\"widget\" data-widget_type=\"text-editor.default\">\n\t\t\t\t<div class=\"elementor-widget-container\">\n\t\t\t\t\t\t\t\t\t<p>Peu apr\u00e8s notre d\u00e9cision de retirer le CISV Switzerland des programmes internationaux de l\u2019\u00e9t\u00e9 2021, le CISV international a d\u00e9cid\u00e9 d\u2019annuler tous les camps.<\/p><p>Comme annonc\u00e9 pr\u00e9c\u00e9demment nous travaillons \u00e0 la mise en place d\u2019un camp national pour juillet 2021. Ce camp s\u2019adresse aux CISVers de 11 \u00e0 15 ans. Il sera construit sur l\u2019id\u00e9e des Model United Nations. Les jeunes seront s\u00e9par\u00e9s en d\u00e9l\u00e9gations par \u00e2ge et chaque d\u00e9l\u00e9gation se verra attribuer un pays membre du CISV.  Avec l\u2019aide de leur leader, ils pourront pr\u00e9parer une soir\u00e9e nationale pour pr\u00e9senter le pays. Ceci permettra d'amener une dimension plus internationale \u00e0 notre camp.<\/p><p>Ce camp sera bilingue et donc ouvert aux non-francophones.<\/p>\t\t\t\t\t\t\t\t<\/div>\n\t\t\t\t<\/div>\n\t\t\t\t\t<\/div>\n\t\t<\/div>\n\t\t\t\t\t<\/div>\n\t\t<\/section>\n\t\t\t\t<section class=\"elementor-section elementor-top-section elementor-element elementor-element-7c3e3de elementor-section-boxed elementor-section-height-default elementor-section-height-default\" data-id=\"7c3e3de\" data-element_type=\"section\">\n\t\t\t\t\t\t<div class=\"elementor-container elementor-column-gap-default\">\n\t\t\t\t\t<div class=\"elementor-column elementor-col-100 elementor-top-column elementor-element elementor-element-7474511\" data-id=\"7474511\" data-element_type=\"column\">\n\t\t\t<div class=\"elementor-widget-wrap elementor-element-populated\">\n\t\t\t\t\t\t<div class=\"elementor-element elementor-element-6fa8455 elementor-widget elementor-widget-heading\" data-id=\"6fa8455\" data-element_type=\"widget\" data-widget_type=\"heading.default\">\n\t\t\t\t<div class=\"elementor-widget-container\">\n\t\t\t\t\t<h2 class=\"elementor-heading-title elementor-size-default\">Appel aux Leaders<\/h2>\t\t\t\t<\/div>\n\t\t\t\t<\/div>\n\t\t\t\t<section class=\"elementor-section elementor-inner-section elementor-element elementor-element-6c06310 elementor-section-boxed elementor-section-height-default elementor-section-height-default\" data-id=\"6c06310\" data-element_type=\"section\">\n\t\t\t\t\t\t<div class=\"elementor-container elementor-column-gap-default\">\n\t\t\t\t\t<div class=\"elementor-column elementor-col-50 elementor-inner-column elementor-element elementor-element-8c82dff\" data-id=\"8c82dff\" data-element_type=\"column\">\n\t\t\t<div class=\"elementor-widget-wrap elementor-element-populated\">\n\t\t\t\t\t\t<div class=\"elementor-element elementor-element-fb25254 elementor-widget elementor-widget-text-editor\" data-id=\"fb25254\" data-element_type=\"widget\" data-widget_type=\"text-editor.default\">\n\t\t\t\t<div class=\"elementor-widget-container\">\n\t\t\t\t\t\t\t\t\t<p>Aucun camp ne peut avoir lieu sans leaders et staffs ! Si vous avez des jeunes de 21+ dans votre entourage, parlez-leur de nous et proposez-leur d\u2019envoyer leur CV et lettre de motivation \u00e0 <a href=\"mailto:dimitri.druart@ch.cisv.org\">dimitri.druart@ch.cisv.org<\/a> ou a <a href=\"mailto:tiphaine.baboulaz@ch.cisv.org\">tiphaine.baboulaz@ch.cisv.org<\/a>. Pour plus d'informations, vous pouvez vous rendre sur notre <a href=\"http:\/\/www.cisv.ch\/fr\/become-a-leader\/\">site<\/a>.<br \/>Merci d\u2019avance pour cette aide pr\u00e9cieuse !<\/p>\t\t\t\t\t\t\t\t<\/div>\n\t\t\t\t<\/div>\n\t\t\t\t\t<\/div>\n\t\t<\/div>\n\t\t\t\t<div class=\"elementor-column elementor-col-50 elementor-inner-column elementor-element elementor-element-e864529\" data-id=\"e864529\" data-element_type=\"column\">\n\t\t\t<div class=\"elementor-widget-wrap elementor-element-populated\">\n\t\t\t\t\t\t<div class=\"elementor-element elementor-element-be3b20b elementor-widget elementor-widget-image\" data-id=\"be3b20b\" data-element_type=\"widget\" data-widget_type=\"image.default\">\n\t\t\t\t<div class=\"elementor-widget-container\">\n\t\t\t\t\t\t\t\t\t\t\t\t\t\t\t<img decoding=\"async\" width=\"300\" height=\"300\" src=\"https:\/\/www.cisv.ch\/wp-content\/uploads\/2020\/10\/Openday180720_0014-1-300x300.jpg\" class=\"attachment-medium size-medium wp-image-1834\" alt=\"\" srcset=\"https:\/\/www.cisv.ch\/wp-content\/uploads\/2020\/10\/Openday180720_0014-1-300x300.jpg 300w, https:\/\/www.cisv.ch\/wp-content\/uploads\/2020\/10\/Openday180720_0014-1-150x150.jpg 150w, https:\/\/www.cisv.ch\/wp-content\/uploads\/2020\/10\/Openday180720_0014-1-768x768.jpg 768w, https:\/\/www.cisv.ch\/wp-content\/uploads\/2020\/10\/Openday180720_0014-1-1024x1024.jpg 1024w, https:\/\/www.cisv.ch\/wp-content\/uploads\/2020\/10\/Openday180720_0014-1.jpg 1600w\" sizes=\"(max-width: 300px) 100vw, 300px\" \/>\t\t\t\t\t\t\t\t\t\t\t\t\t\t\t<\/div>\n\t\t\t\t<\/div>\n\t\t\t\t\t<\/div>\n\t\t<\/div>\n\t\t\t\t\t<\/div>\n\t\t<\/section>\n\t\t\t\t\t<\/div>\n\t\t<\/div>\n\t\t\t\t\t<\/div>\n\t\t<\/section>\n\t\t\t\t<section class=\"elementor-section elementor-top-section elementor-element elementor-element-9fe734c elementor-section-boxed elementor-section-height-default elementor-section-height-default\" data-id=\"9fe734c\" data-element_type=\"section\">\n\t\t\t\t\t\t<div class=\"elementor-container elementor-column-gap-default\">\n\t\t\t\t\t<div class=\"elementor-column elementor-col-100 elementor-top-column elementor-element elementor-element-be0f4db\" data-id=\"be0f4db\" data-element_type=\"column\">\n\t\t\t<div class=\"elementor-widget-wrap elementor-element-populated\">\n\t\t\t\t\t\t<div class=\"elementor-element elementor-element-f7f1d26 elementor-widget elementor-widget-heading\" data-id=\"f7f1d26\" data-element_type=\"widget\" data-widget_type=\"heading.default\">\n\t\t\t\t<div class=\"elementor-widget-container\">\n\t\t\t\t\t<h2 class=\"elementor-heading-title elementor-size-default\">Branche Junior<\/h2>\t\t\t\t<\/div>\n\t\t\t\t<\/div>\n\t\t\t\t<div class=\"elementor-element elementor-element-2eff9e6 elementor-widget elementor-widget-text-editor\" data-id=\"2eff9e6\" data-element_type=\"widget\" data-widget_type=\"text-editor.default\">\n\t\t\t\t<div class=\"elementor-widget-container\">\n\t\t\t\t\t\t\t\t\t<p>Pour la JB (16+) nous souhaiterions \u00e9galement organiser un weekend\/camp, mais cela d\u00e9pendra de votre motivation. Si cette id\u00e9e vous tente, envoyez un email \u00e0 njr@cisv.ch pour que les NJRs sachent qui est int\u00e9ress\u00e9 et quelles seraient les meilleures dates. De m\u00eame, si vous avez une id\u00e9e d\u2019activit\u00e9 que vous souhaiteriez organiser, n\u2019h\u00e9sitez pas \u00e0 les contacter. En effet, la JB fonctionne sur un principe d\u2019initiative des jeunes. Plus vous vous impliquez, plus elle prend vie.<\/p>\t\t\t\t\t\t\t\t<\/div>\n\t\t\t\t<\/div>\n\t\t\t\t\t<\/div>\n\t\t<\/div>\n\t\t\t\t\t<\/div>\n\t\t<\/section>\n\t\t\t\t<section class=\"elementor-section elementor-top-section elementor-element elementor-element-7e728c1 elementor-section-boxed elementor-section-height-default elementor-section-height-default\" data-id=\"7e728c1\" data-element_type=\"section\">\n\t\t\t\t\t\t<div class=\"elementor-container elementor-column-gap-default\">\n\t\t\t\t\t<div class=\"elementor-column elementor-col-100 elementor-top-column elementor-element elementor-element-d78a0e8\" data-id=\"d78a0e8\" data-element_type=\"column\">\n\t\t\t<div class=\"elementor-widget-wrap elementor-element-populated\">\n\t\t\t\t\t\t<div class=\"elementor-element elementor-element-68c0447 elementor-widget elementor-widget-heading\" data-id=\"68c0447\" data-element_type=\"widget\" data-widget_type=\"heading.default\">\n\t\t\t\t<div class=\"elementor-widget-container\">\n\t\t\t\t\t<h2 class=\"elementor-heading-title elementor-size-default\">Boutique CISV<\/h2>\t\t\t\t<\/div>\n\t\t\t\t<\/div>\n\t\t\t\t<div class=\"elementor-element elementor-element-4a64b49 elementor-widget elementor-widget-text-editor\" data-id=\"4a64b49\" data-element_type=\"widget\" data-widget_type=\"text-editor.default\">\n\t\t\t\t<div class=\"elementor-widget-container\">\n\t\t\t\t\t\t\t\t\t<p>Depuis quelques mois, nous travaillons \u00e0 l\u2019\u00e9laboration d\u2019un catalogue de produits CISV Switzerland que nous sommes heureux de vous pr\u00e9senter. Vous trouverez ce catalogue sur notre site internet. Le bon de commande est en derni\u00e8re page. Notre boutique fonctionne sur pr\u00e9commande et nous ne commanderons que les produits dont la demande est suffisamment importante pour justifier les co\u00fbts de transport. Les articles seront \u00e0 r\u00e9cup\u00e9rer lors des activit\u00e9s du CISV.<\/p>\t\t\t\t\t\t\t\t<\/div>\n\t\t\t\t<\/div>\n\t\t\t\t<div class=\"elementor-element elementor-element-1f95227 elementor-align-center elementor-widget elementor-widget-button\" data-id=\"1f95227\" data-element_type=\"widget\" data-widget_type=\"button.default\">\n\t\t\t\t<div class=\"elementor-widget-container\">\n\t\t\t\t\t\t\t\t\t<div class=\"elementor-button-wrapper\">\n\t\t\t\t\t<a class=\"elementor-button elementor-button-link elementor-size-sm\" href=\"http:\/\/www.cisv.ch\/fr\/shop\/\">\n\t\t\t\t\t\t<span class=\"elementor-button-content-wrapper\">\n\t\t\t\t\t\t\t\t\t<span class=\"elementor-button-text\">Catalogue<\/span>\n\t\t\t\t\t<\/span>\n\t\t\t\t\t<\/a>\n\t\t\t\t<\/div>\n\t\t\t\t\t\t\t\t<\/div>\n\t\t\t\t<\/div>\n\t\t\t\t\t<\/div>\n\t\t<\/div>\n\t\t\t\t\t<\/div>\n\t\t<\/section>\n\t\t\t\t<section class=\"elementor-section elementor-top-section elementor-element elementor-element-6b75457 elementor-section-boxed elementor-section-height-default elementor-section-height-default\" data-id=\"6b75457\" data-element_type=\"section\">\n\t\t\t\t\t\t<div class=\"elementor-container elementor-column-gap-default\">\n\t\t\t\t\t<div class=\"elementor-column elementor-col-100 elementor-top-column elementor-element elementor-element-9b77eb5\" data-id=\"9b77eb5\" data-element_type=\"column\">\n\t\t\t<div class=\"elementor-widget-wrap elementor-element-populated\">\n\t\t\t\t\t\t<div class=\"elementor-element elementor-element-a09348b elementor-widget elementor-widget-heading\" data-id=\"a09348b\" data-element_type=\"widget\" data-widget_type=\"heading.default\">\n\t\t\t\t<div class=\"elementor-widget-container\">\n\t\t\t\t\t<h2 class=\"elementor-heading-title elementor-size-default\">mini camp<\/h2>\t\t\t\t<\/div>\n\t\t\t\t<\/div>\n\t\t\t\t\t<\/div>\n\t\t<\/div>\n\t\t\t\t\t<\/div>\n\t\t<\/section>\n\t\t\t\t<section class=\"elementor-section elementor-top-section elementor-element elementor-element-6ffbdd2 elementor-section-boxed elementor-section-height-default elementor-section-height-default\" data-id=\"6ffbdd2\" data-element_type=\"section\">\n\t\t\t\t\t\t<div class=\"elementor-container elementor-column-gap-default\">\n\t\t\t\t\t<div class=\"elementor-column elementor-col-100 elementor-top-column elementor-element elementor-element-ee2a8f6\" data-id=\"ee2a8f6\" data-element_type=\"column\">\n\t\t\t<div class=\"elementor-widget-wrap elementor-element-populated\">\n\t\t\t\t\t\t<div class=\"elementor-element elementor-element-bb08e15 elementor-widget elementor-widget-text-editor\" data-id=\"bb08e15\" data-element_type=\"widget\" data-widget_type=\"text-editor.default\">\n\t\t\t\t<div class=\"elementor-widget-container\">\n\t\t\t\t\t\t\t\t\t<p>Nous esp\u00e9rons pouvoir accueillir vos enfants en personne pour notre traditionnel mini camp de mai. Il doit avoir lieu le week-end du 8 au 9 mai et nous vous enverrons plus d'informations lorsque nous serons s\u00fbrs qu'il aura bien lieu.<\/p>\t\t\t\t\t\t\t\t<\/div>\n\t\t\t\t<\/div>\n\t\t\t\t\t<\/div>\n\t\t<\/div>\n\t\t\t\t\t<\/div>\n\t\t<\/section>\n\t\t\t\t<section class=\"elementor-section elementor-top-section elementor-element elementor-element-1d2f47d elementor-section-boxed elementor-section-height-default elementor-section-height-default\" data-id=\"1d2f47d\" data-element_type=\"section\">\n\t\t\t\t\t\t<div class=\"elementor-container elementor-column-gap-default\">\n\t\t\t\t\t<div class=\"elementor-column elementor-col-100 elementor-top-column elementor-element elementor-element-af8bde7\" data-id=\"af8bde7\" data-element_type=\"column\">\n\t\t\t<div class=\"elementor-widget-wrap elementor-element-populated\">\n\t\t\t\t\t\t<div class=\"elementor-element elementor-element-860560d elementor-widget elementor-widget-text-editor\" data-id=\"860560d\" data-element_type=\"widget\" data-widget_type=\"text-editor.default\">\n\t\t\t\t<div class=\"elementor-widget-container\">\n\t\t\t\t\t\t\t\t\t<p>Il ne nous reste plus qu\u2019\u00e0 vous souhaiter de joyeuses P\u00e2ques et de belles vacances. Nous nous r\u00e9jouissons de vous revoir tr\u00e8s bient\u00f4t,<\/p><p>Le CISV Switzerland<\/p>\t\t\t\t\t\t\t\t<\/div>\n\t\t\t\t<\/div>\n\t\t\t\t\t<\/div>\n\t\t<\/div>\n\t\t\t\t\t<\/div>\n\t\t<\/section>\n\t\t\t\t<\/div>","protected":false},"excerpt":{"rendered":"<p>Dear members, We are pleased to share with you the now traditional newsletter of CISV Switzerland. This is an opportunity to share with you the latest developments in CISV Switzerland Day Camps During these first months of the year, we have been delighted to keep in touch with you and your children through two Zoom [&hellip;]<\/p>","protected":false},"author":1,"featured_media":1979,"comment_status":"closed","ping_status":"closed","sticky":false,"template":"","format":"standard","meta":{"ocean_post_layout":"","ocean_both_sidebars_style":"","ocean_both_sidebars_content_width":0,"ocean_both_sidebars_sidebars_width":0,"ocean_sidebar":"0","ocean_second_sidebar":"0","ocean_disable_margins":"enable","ocean_add_body_class":"","ocean_shortcode_before_top_bar":"","ocean_shortcode_after_top_bar":"","ocean_shortcode_before_header":"","ocean_shortcode_after_header":"","ocean_has_shortcode":"","ocean_shortcode_after_title":"","ocean_shortcode_before_footer_widgets":"","ocean_shortcode_after_footer_widgets":"","ocean_shortcode_before_footer_bottom":"","ocean_shortcode_after_footer_bottom":"","ocean_display_top_bar":"default","ocean_display_header":"default","ocean_header_style":"","ocean_center_header_left_menu":"0","ocean_custom_header_template":"0","ocean_custom_logo":0,"ocean_custom_retina_logo":0,"ocean_custom_logo_max_width":0,"ocean_custom_logo_tablet_max_width":0,"ocean_custom_logo_mobile_max_width":0,"ocean_custom_logo_max_height":0,"ocean_custom_logo_tablet_max_height":0,"ocean_custom_logo_mobile_max_height":0,"ocean_header_custom_menu":"0","ocean_menu_typo_font_family":"0","ocean_menu_typo_font_subset":"","ocean_menu_typo_font_size":0,"ocean_menu_typo_font_size_tablet":0,"ocean_menu_typo_font_size_mobile":0,"ocean_menu_typo_font_size_unit":"px","ocean_menu_typo_font_weight":"","ocean_menu_typo_font_weight_tablet":"","ocean_menu_typo_font_weight_mobile":"","ocean_menu_typo_transform":"","ocean_menu_typo_transform_tablet":"","ocean_menu_typo_transform_mobile":"","ocean_menu_typo_line_height":0,"ocean_menu_typo_line_height_tablet":0,"ocean_menu_typo_line_height_mobile":0,"ocean_menu_typo_line_height_unit":"","ocean_menu_typo_spacing":0,"ocean_menu_typo_spacing_tablet":0,"ocean_menu_typo_spacing_mobile":0,"ocean_menu_typo_spacing_unit":"","ocean_menu_link_color":"","ocean_menu_link_color_hover":"","ocean_menu_link_color_active":"","ocean_menu_link_background":"","ocean_menu_link_hover_background":"","ocean_menu_link_active_background":"","ocean_menu_social_links_bg":"","ocean_menu_social_hover_links_bg":"","ocean_menu_social_links_color":"","ocean_menu_social_hover_links_color":"","ocean_disable_title":"default","ocean_disable_heading":"default","ocean_post_title":"","ocean_post_subheading":"","ocean_post_title_style":"","ocean_post_title_background_color":"","ocean_post_title_background":0,"ocean_post_title_bg_image_position":"","ocean_post_title_bg_image_attachment":"","ocean_post_title_bg_image_repeat":"","ocean_post_title_bg_image_size":"","ocean_post_title_height":0,"ocean_post_title_bg_overlay":0.5,"ocean_post_title_bg_overlay_color":"","ocean_disable_breadcrumbs":"default","ocean_breadcrumbs_color":"","ocean_breadcrumbs_separator_color":"","ocean_breadcrumbs_links_color":"","ocean_breadcrumbs_links_hover_color":"","ocean_display_footer_widgets":"default","ocean_display_footer_bottom":"default","ocean_custom_footer_template":"0","ocean_post_oembed":"","ocean_post_self_hosted_media":"","ocean_post_video_embed":"","ocean_link_format":"","ocean_link_format_target":"self","ocean_quote_format":"","ocean_quote_format_link":"post","ocean_gallery_link_images":"off","ocean_gallery_id":[],"footnotes":""},"categories":[201],"tags":[],"class_list":["post-2165","post","type-post","status-publish","format-standard","has-post-thumbnail","hentry","category-news","entry","has-media"],"_links":{"self":[{"href":"https:\/\/www.cisv.ch\/fr\/wp-json\/wp\/v2\/posts\/2165","targetHints":{"allow":["GET"]}}],"collection":[{"href":"https:\/\/www.cisv.ch\/fr\/wp-json\/wp\/v2\/posts"}],"about":[{"href":"https:\/\/www.cisv.ch\/fr\/wp-json\/wp\/v2\/types\/post"}],"author":[{"embeddable":true,"href":"https:\/\/www.cisv.ch\/fr\/wp-json\/wp\/v2\/users\/1"}],"replies":[{"embeddable":true,"href":"https:\/\/www.cisv.ch\/fr\/wp-json\/wp\/v2\/comments?post=2165"}],"version-history":[{"count":24,"href":"https:\/\/www.cisv.ch\/fr\/wp-json\/wp\/v2\/posts\/2165\/revisions"}],"predecessor-version":[{"id":2212,"href":"https:\/\/www.cisv.ch\/fr\/wp-json\/wp\/v2\/posts\/2165\/revisions\/2212"}],"wp:featuredmedia":[{"embeddable":true,"href":"https:\/\/www.cisv.ch\/fr\/wp-json\/wp\/v2\/media\/1979"}],"wp:attachment":[{"href":"https:\/\/www.cisv.ch\/fr\/wp-json\/wp\/v2\/media?parent=2165"}],"wp:term":[{"taxonomy":"category","embeddable":true,"href":"https:\/\/www.cisv.ch\/fr\/wp-json\/wp\/v2\/categories?post=2165"},{"taxonomy":"post_tag","embeddable":true,"href":"https:\/\/www.cisv.ch\/fr\/wp-json\/wp\/v2\/tags?post=2165"}],"curies":[{"name":"wp","href":"https:\/\/api.w.org\/{rel}","templated":true}]}}