{"id":1703,"date":"2020-10-13T09:09:04","date_gmt":"2020-10-13T07:09:04","guid":{"rendered":"http:\/\/www.cisv.ch\/?p=1703"},"modified":"2020-10-13T10:01:13","modified_gmt":"2020-10-13T08:01:13","slug":"newsletter-september-2020","status":"publish","type":"post","link":"http:\/\/www.cisv.ch\/fr\/newsletter-september-2020\/","title":{"rendered":"Newsletter Septembre 2020"},"content":{"rendered":"<div data-elementor-type=\"wp-post\" data-elementor-id=\"1703\" class=\"elementor elementor-1703\">\n\t\t\t\t\t\t<section class=\"elementor-section elementor-top-section elementor-element elementor-element-6bc3882 elementor-section-boxed elementor-section-height-default elementor-section-height-default\" data-id=\"6bc3882\" data-element_type=\"section\">\n\t\t\t\t\t\t<div class=\"elementor-container elementor-column-gap-default\">\n\t\t\t\t\t<div class=\"elementor-column elementor-col-100 elementor-top-column elementor-element elementor-element-365bc31\" data-id=\"365bc31\" data-element_type=\"column\">\n\t\t\t<div class=\"elementor-widget-wrap elementor-element-populated\">\n\t\t\t\t\t\t<div class=\"elementor-element elementor-element-020127c elementor-widget elementor-widget-text-editor\" data-id=\"020127c\" data-element_type=\"widget\" data-widget_type=\"text-editor.default\">\n\t\t\t\t<div class=\"elementor-widget-container\">\n\t\t\t\t\t\t\t\t\t<p>Chers et ch\u00e8res membres,\u00a0<\/p><p>Pour bien commencer cette ann\u00e9e CISV, nous avons d\u00e9cid\u00e9 de lancer une Newsletter qui para\u00eetra quatre fois par an et qui nous permettra de vous tenir inform\u00e9s de ce qui se passe au sein du CISV Suisse et \u00e0 l\u2019international. A l\u2019aide de photos et de t\u00e9moignages, nous vous y raconterons les moments forts des derniers mois et vous annoncerons les \u00e9v\u00e8nements \u00e0 venir.<\/p>\t\t\t\t\t\t\t\t<\/div>\n\t\t\t\t<\/div>\n\t\t\t\t\t<\/div>\n\t\t<\/div>\n\t\t\t\t\t<\/div>\n\t\t<\/section>\n\t\t\t\t<section class=\"elementor-section elementor-top-section elementor-element elementor-element-e1eee1f elementor-section-boxed elementor-section-height-default elementor-section-height-default\" data-id=\"e1eee1f\" data-element_type=\"section\">\n\t\t\t\t\t\t<div class=\"elementor-container elementor-column-gap-default\">\n\t\t\t\t\t<div class=\"elementor-column elementor-col-100 elementor-top-column elementor-element elementor-element-dbee197\" data-id=\"dbee197\" data-element_type=\"column\">\n\t\t\t<div class=\"elementor-widget-wrap elementor-element-populated\">\n\t\t\t\t\t\t<div class=\"elementor-element elementor-element-296c6ab elementor-widget elementor-widget-heading\" data-id=\"296c6ab\" data-element_type=\"widget\" data-widget_type=\"heading.default\">\n\t\t\t\t<div class=\"elementor-widget-container\">\n\t\t\t\t\t<h2 class=\"elementor-heading-title elementor-size-default\">Changement de Comit\u00e9<\/h2>\t\t\t\t<\/div>\n\t\t\t\t<\/div>\n\t\t\t\t\t<\/div>\n\t\t<\/div>\n\t\t\t\t\t<\/div>\n\t\t<\/section>\n\t\t\t\t<section class=\"elementor-section elementor-top-section elementor-element elementor-element-0dbc249 elementor-section-boxed elementor-section-height-default elementor-section-height-default\" data-id=\"0dbc249\" data-element_type=\"section\">\n\t\t\t\t\t\t<div class=\"elementor-container elementor-column-gap-default\">\n\t\t\t\t\t<div class=\"elementor-column elementor-col-100 elementor-top-column elementor-element elementor-element-501f11a\" data-id=\"501f11a\" data-element_type=\"column\">\n\t\t\t<div class=\"elementor-widget-wrap elementor-element-populated\">\n\t\t\t\t\t\t<div class=\"elementor-element elementor-element-b58828a elementor-widget elementor-widget-text-editor\" data-id=\"b58828a\" data-element_type=\"widget\" data-widget_type=\"text-editor.default\">\n\t\t\t\t<div class=\"elementor-widget-container\">\n\t\t\t\t\t\t\t\t\t<p>Comme certains le savent d\u00e9j\u00e0, notre comit\u00e9 a v\u00e9cu une p\u00e9riode de transition depuis notre derni\u00e8re Assembl\u00e9e g\u00e9n\u00e9rale. A cette occasion, nous avions fait un appel aux volontaires pour reprendre certains r\u00f4les-cl\u00e9. Nous avons \u00e9t\u00e9 ravis de voir plusieurs personnes se proposer, aussi bien pour le comit\u00e9 que comme b\u00e9n\u00e9voles ponctuels. Un grand merci \u00e0 eux !\u00a0<\/p><p>Gr\u00e2ce \u00e0 cela, nous pouvons aujourd\u2019hui vous pr\u00e9senter le nouveau comit\u00e9 qui sera ravi de faire votre connaissance en personne lors de la prochaine Assembl\u00e9e g\u00e9n\u00e9rale en novembre.<\/p>\t\t\t\t\t\t\t\t<\/div>\n\t\t\t\t<\/div>\n\t\t\t\t<div class=\"elementor-element elementor-element-e60cdf1 elementor-widget elementor-widget-image\" data-id=\"e60cdf1\" data-element_type=\"widget\" data-widget_type=\"image.default\">\n\t\t\t\t<div class=\"elementor-widget-container\">\n\t\t\t\t\t\t\t\t\t\t\t\t<figure class=\"wp-caption\">\n\t\t\t\t\t\t\t\t\t\t<img fetchpriority=\"high\" decoding=\"async\" width=\"2000\" height=\"1210\" src=\"http:\/\/www.cisv.ch\/wp-content\/uploads\/2020\/10\/P1030283-1.jpg\" class=\"attachment-full size-full wp-image-1887\" alt=\"\" srcset=\"http:\/\/www.cisv.ch\/wp-content\/uploads\/2020\/10\/P1030283-1.jpg 2000w, http:\/\/www.cisv.ch\/wp-content\/uploads\/2020\/10\/P1030283-1-300x182.jpg 300w, http:\/\/www.cisv.ch\/wp-content\/uploads\/2020\/10\/P1030283-1-768x465.jpg 768w, http:\/\/www.cisv.ch\/wp-content\/uploads\/2020\/10\/P1030283-1-1024x620.jpg 1024w\" sizes=\"(max-width: 2000px) 100vw, 2000px\" \/>\t\t\t\t\t\t\t\t\t\t\t<figcaption class=\"widget-image-caption wp-caption-text\">Le comit\u00e9 (presque) au complet<\/figcaption>\n\t\t\t\t\t\t\t\t\t\t<\/figure>\n\t\t\t\t\t\t\t\t\t<\/div>\n\t\t\t\t<\/div>\n\t\t\t\t\t<\/div>\n\t\t<\/div>\n\t\t\t\t\t<\/div>\n\t\t<\/section>\n\t\t\t\t<section class=\"elementor-section elementor-top-section elementor-element elementor-element-8e8439a elementor-section-boxed elementor-section-height-default elementor-section-height-default\" data-id=\"8e8439a\" data-element_type=\"section\">\n\t\t\t\t\t\t<div class=\"elementor-container elementor-column-gap-default\">\n\t\t\t\t\t<div class=\"elementor-column elementor-col-100 elementor-top-column elementor-element elementor-element-4e64140\" data-id=\"4e64140\" data-element_type=\"column\">\n\t\t\t<div class=\"elementor-widget-wrap elementor-element-populated\">\n\t\t\t\t\t\t<div class=\"elementor-element elementor-element-e8f8d41 elementor-widget elementor-widget-heading\" data-id=\"e8f8d41\" data-element_type=\"widget\" data-widget_type=\"heading.default\">\n\t\t\t\t<div class=\"elementor-widget-container\">\n\t\t\t\t\t<h2 class=\"elementor-heading-title elementor-size-default\">Retour sur les camps Walk The Talk<\/h2>\t\t\t\t<\/div>\n\t\t\t\t<\/div>\n\t\t\t\t<div class=\"elementor-element elementor-element-f2d6670 elementor-widget elementor-widget-text-editor\" data-id=\"f2d6670\" data-element_type=\"widget\" data-widget_type=\"text-editor.default\">\n\t\t\t\t<div class=\"elementor-widget-container\">\n\t\t\t\t\t\t\t\t\t<p>En cette ann\u00e9e particuli\u00e8re, face \u00e0 l\u2019annulation des camps internationaux, nous sommes heureux d\u2019avoir pu offrir deux camps nationaux \u00e0 nos jeunes.<\/p>\t\t\t\t\t\t\t\t<\/div>\n\t\t\t\t<\/div>\n\t\t\t\t<div class=\"elementor-element elementor-element-231442d elementor-widget elementor-widget-heading\" data-id=\"231442d\" data-element_type=\"widget\" data-widget_type=\"heading.default\">\n\t\t\t\t<div class=\"elementor-widget-container\">\n\t\t\t\t\t<h4 class=\"elementor-heading-title elementor-size-default\">Camp de la Branche Junior<\/h4>\t\t\t\t<\/div>\n\t\t\t\t<\/div>\n\t\t\t\t<div class=\"elementor-element elementor-element-e736fb9 elementor-widget elementor-widget-text-editor\" data-id=\"e736fb9\" data-element_type=\"widget\" data-widget_type=\"text-editor.default\">\n\t\t\t\t<div class=\"elementor-widget-container\">\n\t\t\t\t\t\t\t\t\t<p>type de camp, les participants s\u2019auto-g\u00e8rent en grande partie puisqu\u2019ils organisent les activit\u00e9s, structurent leurs journ\u00e9es et cuisinent eux-m\u00eames.<\/p><p>Bien qu\u2019en petit groupe, les jeunes ont su tirer le meilleur profit de cette exp\u00e9rience : entre musique, rires et danses, ils ont organis\u00e9 des activit\u00e9s tr\u00e8s diversifi\u00e9es qui ont men\u00e9 \u00e0 des discussions extr\u00eamement int\u00e9ressantes et approfondies. Mais par-dessus tout, ils sont devenus un groupe tr\u00e8s soud\u00e9 et motiv\u00e9 \u00e0 refaire des activit\u00e9s ensemble.<\/p>\t\t\t\t\t\t\t\t<\/div>\n\t\t\t\t<\/div>\n\t\t\t\t<div class=\"elementor-element elementor-element-9d52110 elementor-widget elementor-widget-heading\" data-id=\"9d52110\" data-element_type=\"widget\" data-widget_type=\"heading.default\">\n\t\t\t\t<div class=\"elementor-widget-container\">\n\t\t\t\t\t<h4 class=\"elementor-heading-title elementor-size-default\">Camp des 11-15 ans<\/h4>\t\t\t\t<\/div>\n\t\t\t\t<\/div>\n\t\t\t\t<div class=\"elementor-element elementor-element-97554b8 elementor-widget elementor-widget-text-editor\" data-id=\"97554b8\" data-element_type=\"widget\" data-widget_type=\"text-editor.default\">\n\t\t\t\t<div class=\"elementor-widget-container\">\n\t\t\t\t\t\t\t\t\t<p>Ce deuxi\u00e8me camp a \u00e9t\u00e9 bas\u00e9 plus sur le mod\u00e8le du Youth Meeting, avec des Leaders pour encadrer et animer les activit\u00e9s, mais aussi l\u2019opportunit\u00e9 pour les participants d\u2019apprendre \u00e0 organiser et mener eux-m\u00eames des activit\u00e9s.<\/p><p>Nous avons \u00e9t\u00e9 particuli\u00e8rement impressionn\u00e9s que la diff\u00e9rence d\u2019\u00e2ge n\u2019ait pas entrav\u00e9 la bonne entente g\u00e9n\u00e9rale et l\u2019esprit de groupe. Les participants ont su collaborer et s\u2019encourager pour faire de ce camp une grande r\u00e9ussite.<\/p>\t\t\t\t\t\t\t\t<\/div>\n\t\t\t\t<\/div>\n\t\t\t\t\t<\/div>\n\t\t<\/div>\n\t\t\t\t\t<\/div>\n\t\t<\/section>\n\t\t\t\t<section class=\"elementor-section elementor-top-section elementor-element elementor-element-7f64ba2 elementor-section-boxed elementor-section-height-default elementor-section-height-default\" data-id=\"7f64ba2\" data-element_type=\"section\">\n\t\t\t\t\t\t<div class=\"elementor-container elementor-column-gap-default\">\n\t\t\t\t\t<div class=\"elementor-column elementor-col-100 elementor-top-column elementor-element elementor-element-8b8eb07\" data-id=\"8b8eb07\" data-element_type=\"column\">\n\t\t\t<div class=\"elementor-widget-wrap elementor-element-populated\">\n\t\t\t\t\t\t<div class=\"elementor-element elementor-element-7b2574e elementor-widget elementor-widget-heading\" data-id=\"7b2574e\" data-element_type=\"widget\" data-widget_type=\"heading.default\">\n\t\t\t\t<div class=\"elementor-widget-container\">\n\t\t\t\t\t<h2 class=\"elementor-heading-title elementor-size-default\">Open Day<\/h2>\t\t\t\t<\/div>\n\t\t\t\t<\/div>\n\t\t\t\t<div class=\"elementor-element elementor-element-e11e0c3 elementor-widget elementor-widget-text-editor\" data-id=\"e11e0c3\" data-element_type=\"widget\" data-widget_type=\"text-editor.default\">\n\t\t\t\t<div class=\"elementor-widget-container\">\n\t\t\t\t\t\t\t\t\t<p>Pour conclure ces deux camps, nous avons eu le plaisir de vous accueillir vous - et toute personne int\u00e9ress\u00e9e \u00e0 d\u00e9couvrir le CISV - pour une apr\u00e8s-midi lors de laquelle les enfants ont pu partager l\u2019esprit CISV et quelques uns de ses jeux et traditions. Merci d\u2019\u00eatre venus nombreux !<\/p><p>Retrouvez des photos et vid\u00e9os de ces camps et de l\u2019Open Day sur notre site :\u00a0<a href=\"http:\/\/www.cisv.ch\/fr\/memories\/\" target=\"_blank\" rel=\"noopener\">SOUVENIRS<\/a><\/p><p>Avec le recul, nous pouvons dire que cette exp\u00e9rience c\u2019est av\u00e9r\u00e9 \u00eatre bien plus qu\u2019un simple plan B, puisqu\u2019elle a permis aux jeunes du CISV Suisse de tisser des liens forts entre eux.<\/p><p>Ces nouveaux liens vont \u00eatre la base pour construire une association plus vivante tout au long de l\u2019ann\u00e9e. Pour cela, le comit\u00e9 et la Junior Branch vous proposent toute une s\u00e9rie d\u2019\u00e9v\u00e8nements pour 2020-2021. Nous nous r\u00e9jouissons de vous y voir nombreux !<\/p>\t\t\t\t\t\t\t\t<\/div>\n\t\t\t\t<\/div>\n\t\t\t\t<div class=\"elementor-element elementor-element-6562794 elementor-widget elementor-widget-image\" data-id=\"6562794\" data-element_type=\"widget\" data-widget_type=\"image.default\">\n\t\t\t\t<div class=\"elementor-widget-container\">\n\t\t\t\t\t\t\t\t\t\t\t\t\t\t\t<img decoding=\"async\" width=\"1024\" height=\"663\" src=\"http:\/\/www.cisv.ch\/wp-content\/uploads\/2020\/10\/Openday180720_0162-1-1024x663.jpg\" class=\"attachment-large size-large wp-image-1861\" alt=\"\" srcset=\"http:\/\/www.cisv.ch\/wp-content\/uploads\/2020\/10\/Openday180720_0162-1-1024x663.jpg 1024w, http:\/\/www.cisv.ch\/wp-content\/uploads\/2020\/10\/Openday180720_0162-1-300x194.jpg 300w, http:\/\/www.cisv.ch\/wp-content\/uploads\/2020\/10\/Openday180720_0162-1-768x497.jpg 768w, http:\/\/www.cisv.ch\/wp-content\/uploads\/2020\/10\/Openday180720_0162-1.jpg 1600w\" sizes=\"(max-width: 1024px) 100vw, 1024px\" \/>\t\t\t\t\t\t\t\t\t\t\t\t\t\t\t<\/div>\n\t\t\t\t<\/div>\n\t\t\t\t\t<\/div>\n\t\t<\/div>\n\t\t\t\t\t<\/div>\n\t\t<\/section>\n\t\t\t\t<section class=\"elementor-section elementor-top-section elementor-element elementor-element-48c2f02 elementor-section-boxed elementor-section-height-default elementor-section-height-default\" data-id=\"48c2f02\" data-element_type=\"section\">\n\t\t\t\t\t\t<div class=\"elementor-container elementor-column-gap-default\">\n\t\t\t\t\t<div class=\"elementor-column elementor-col-100 elementor-top-column elementor-element elementor-element-e941e97\" data-id=\"e941e97\" data-element_type=\"column\">\n\t\t\t<div class=\"elementor-widget-wrap elementor-element-populated\">\n\t\t\t\t\t\t<div class=\"elementor-element elementor-element-fa2bb99 elementor-widget elementor-widget-heading\" data-id=\"fa2bb99\" data-element_type=\"widget\" data-widget_type=\"heading.default\">\n\t\t\t\t<div class=\"elementor-widget-container\">\n\t\t\t\t\t<h2 class=\"elementor-heading-title elementor-size-default\">Dates importantes<\/h2>\t\t\t\t<\/div>\n\t\t\t\t<\/div>\n\t\t\t\t<div class=\"elementor-element elementor-element-1a148dd elementor-widget elementor-widget-text-editor\" data-id=\"1a148dd\" data-element_type=\"widget\" data-widget_type=\"text-editor.default\">\n\t\t\t\t<div class=\"elementor-widget-container\">\n\t\t\t\t\t\t\t\t\t<p>Voici les dates \u00e0 noter soigneusement dans vos agendas pour 2020-2021 ! Vous y trouverez :<\/p><ul><li>Les Mini Camps<\/li><li>Le Family Day, qui sera l\u2019occasion de se retrouver tous, petits et grands, pour revenir sur les aventures de l\u2019\u00e9t\u00e9 et lancer la nouvelle ann\u00e9e CISV.<\/li><\/ul><p>Les Day Camps, qui seront des journ\u00e9es de pr\u00e9paration au d\u00e9part en camp et l\u2019occasion de se voir et de faire la connaissance des nouveaux Leaders et Staffs.<\/p>\t\t\t\t\t\t\t\t<\/div>\n\t\t\t\t<\/div>\n\t\t\t\t<div class=\"elementor-element elementor-element-9a59bbb elementor-widget elementor-widget-image\" data-id=\"9a59bbb\" data-element_type=\"widget\" data-widget_type=\"image.default\">\n\t\t\t\t<div class=\"elementor-widget-container\">\n\t\t\t\t\t\t\t\t\t\t\t\t\t\t\t<img decoding=\"async\" width=\"1024\" height=\"724\" src=\"http:\/\/www.cisv.ch\/wp-content\/uploads\/2020\/09\/Calendrier-CISV-2020-2021-v13092020-1024x724.jpg\" class=\"attachment-large size-large wp-image-1697\" alt=\"\" srcset=\"http:\/\/www.cisv.ch\/wp-content\/uploads\/2020\/09\/Calendrier-CISV-2020-2021-v13092020-1024x724.jpg 1024w, http:\/\/www.cisv.ch\/wp-content\/uploads\/2020\/09\/Calendrier-CISV-2020-2021-v13092020-300x212.jpg 300w, http:\/\/www.cisv.ch\/wp-content\/uploads\/2020\/09\/Calendrier-CISV-2020-2021-v13092020-768x543.jpg 768w, http:\/\/www.cisv.ch\/wp-content\/uploads\/2020\/09\/Calendrier-CISV-2020-2021-v13092020.jpg 1754w\" sizes=\"(max-width: 1024px) 100vw, 1024px\" \/>\t\t\t\t\t\t\t\t\t\t\t\t\t\t\t<\/div>\n\t\t\t\t<\/div>\n\t\t\t\t\t<\/div>\n\t\t<\/div>\n\t\t\t\t\t<\/div>\n\t\t<\/section>\n\t\t\t\t<section class=\"elementor-section elementor-top-section elementor-element elementor-element-4c06e9b elementor-section-boxed elementor-section-height-default elementor-section-height-default\" data-id=\"4c06e9b\" data-element_type=\"section\">\n\t\t\t\t\t\t<div class=\"elementor-container elementor-column-gap-default\">\n\t\t\t\t\t<div class=\"elementor-column elementor-col-100 elementor-top-column elementor-element elementor-element-f56ddd1\" data-id=\"f56ddd1\" data-element_type=\"column\">\n\t\t\t<div class=\"elementor-widget-wrap elementor-element-populated\">\n\t\t\t\t\t\t<div class=\"elementor-element elementor-element-8221dcf elementor-widget elementor-widget-heading\" data-id=\"8221dcf\" data-element_type=\"widget\" data-widget_type=\"heading.default\">\n\t\t\t\t<div class=\"elementor-widget-container\">\n\t\t\t\t\t<h2 class=\"elementor-heading-title elementor-size-default\">CISV International<\/h2>\t\t\t\t<\/div>\n\t\t\t\t<\/div>\n\t\t\t\t<div class=\"elementor-element elementor-element-eb911b0 elementor-widget elementor-widget-heading\" data-id=\"eb911b0\" data-element_type=\"widget\" data-widget_type=\"heading.default\">\n\t\t\t\t<div class=\"elementor-widget-container\">\n\t\t\t\t\t<h4 class=\"elementor-heading-title elementor-size-default\">\"Make 2020 Count\"<\/h4>\t\t\t\t<\/div>\n\t\t\t\t<\/div>\n\t\t\t\t<div class=\"elementor-element elementor-element-c8c1f87 elementor-widget elementor-widget-text-editor\" data-id=\"c8c1f87\" data-element_type=\"widget\" data-widget_type=\"text-editor.default\">\n\t\t\t\t<div class=\"elementor-widget-container\">\n\t\t\t\t\t\t\t\t\t<p>Nous ne sommes pas les seuls \u00e0 avoir tenu \u00e0 faire vivre le CISV en 2020.  D\u2019autres pays ont \u00e9galement pris l\u2019initiative de rester actifs par diff\u00e9rents moyens, tels que des camps nationaux, des podcasts, des activit\u00e9s organis\u00e9es sur Zoom, des livres de recettes CISV, etc.<\/p><p>Toutes ces initiatives ont donn\u00e9 lieu \u00e0 la campagne \u00ab Make 2020 count \u00bb, encourageant tous les pays \u00e0 \u00eatre cr\u00e9atifs pour rester actifs diff\u00e9remment pendant cette p\u00e9riode.<\/p>\t\t\t\t\t\t\t\t<\/div>\n\t\t\t\t<\/div>\n\t\t\t\t<div class=\"elementor-element elementor-element-c508695 elementor-widget elementor-widget-heading\" data-id=\"c508695\" data-element_type=\"widget\" data-widget_type=\"heading.default\">\n\t\t\t\t<div class=\"elementor-widget-container\">\n\t\t\t\t\t<h4 class=\"elementor-heading-title elementor-size-default\">Les Motions<\/h4>\t\t\t\t<\/div>\n\t\t\t\t<\/div>\n\t\t\t\t<div class=\"elementor-element elementor-element-0d75c46 elementor-widget elementor-widget-text-editor\" data-id=\"0d75c46\" data-element_type=\"widget\" data-widget_type=\"text-editor.default\">\n\t\t\t\t<div class=\"elementor-widget-container\">\n\t\t\t\t\t\t\t\t\t<p>Cet \u00e9t\u00e9, les pays membres du CISV ont particip\u00e9 \u00e0 un vote important, puisqu\u2019il am\u00e8ne certains changements de structure des camps tels que nous les connaissons aujourd\u2019hui. Nous vous en dirons plus lors de l\u2019Assembl\u00e9e g\u00e9n\u00e9rale. Ne la ratez pas !<\/p>\t\t\t\t\t\t\t\t<\/div>\n\t\t\t\t<\/div>\n\t\t\t\t\t<\/div>\n\t\t<\/div>\n\t\t\t\t\t<\/div>\n\t\t<\/section>\n\t\t\t\t<\/div>","protected":false},"excerpt":{"rendered":"<p>Dear members,&nbsp; To get the new CISV year off to a good start, we have decided to launch a Newsletter which will appear four times a year and which will enable us to keep you informed of what is happening within CISV Switzerland and internationally. With the help of photos and testimonials, we will tell [&hellip;]<\/p>","protected":false},"author":1,"featured_media":1857,"comment_status":"closed","ping_status":"closed","sticky":false,"template":"","format":"standard","meta":{"ocean_post_layout":"right-sidebar","ocean_both_sidebars_style":"","ocean_both_sidebars_content_width":0,"ocean_both_sidebars_sidebars_width":0,"ocean_sidebar":"sidebar","ocean_second_sidebar":"0","ocean_disable_margins":"enable","ocean_add_body_class":"","ocean_shortcode_before_top_bar":"","ocean_shortcode_after_top_bar":"","ocean_shortcode_before_header":"","ocean_shortcode_after_header":"","ocean_has_shortcode":"","ocean_shortcode_after_title":"","ocean_shortcode_before_footer_widgets":"","ocean_shortcode_after_footer_widgets":"","ocean_shortcode_before_footer_bottom":"","ocean_shortcode_after_footer_bottom":"","ocean_display_top_bar":"default","ocean_display_header":"default","ocean_header_style":"","ocean_center_header_left_menu":"0","ocean_custom_header_template":"0","ocean_custom_logo":0,"ocean_custom_retina_logo":0,"ocean_custom_logo_max_width":0,"ocean_custom_logo_tablet_max_width":0,"ocean_custom_logo_mobile_max_width":0,"ocean_custom_logo_max_height":0,"ocean_custom_logo_tablet_max_height":0,"ocean_custom_logo_mobile_max_height":0,"ocean_header_custom_menu":"0","ocean_menu_typo_font_family":"0","ocean_menu_typo_font_subset":"","ocean_menu_typo_font_size":0,"ocean_menu_typo_font_size_tablet":0,"ocean_menu_typo_font_size_mobile":0,"ocean_menu_typo_font_size_unit":"px","ocean_menu_typo_font_weight":"","ocean_menu_typo_font_weight_tablet":"","ocean_menu_typo_font_weight_mobile":"","ocean_menu_typo_transform":"","ocean_menu_typo_transform_tablet":"","ocean_menu_typo_transform_mobile":"","ocean_menu_typo_line_height":0,"ocean_menu_typo_line_height_tablet":0,"ocean_menu_typo_line_height_mobile":0,"ocean_menu_typo_line_height_unit":"","ocean_menu_typo_spacing":0,"ocean_menu_typo_spacing_tablet":0,"ocean_menu_typo_spacing_mobile":0,"ocean_menu_typo_spacing_unit":"","ocean_menu_link_color":"","ocean_menu_link_color_hover":"","ocean_menu_link_color_active":"","ocean_menu_link_background":"","ocean_menu_link_hover_background":"","ocean_menu_link_active_background":"","ocean_menu_social_links_bg":"","ocean_menu_social_hover_links_bg":"","ocean_menu_social_links_color":"","ocean_menu_social_hover_links_color":"","ocean_disable_title":"default","ocean_disable_heading":"default","ocean_post_title":"","ocean_post_subheading":"","ocean_post_title_style":"","ocean_post_title_background_color":"","ocean_post_title_background":0,"ocean_post_title_bg_image_position":"","ocean_post_title_bg_image_attachment":"","ocean_post_title_bg_image_repeat":"","ocean_post_title_bg_image_size":"","ocean_post_title_height":0,"ocean_post_title_bg_overlay":0.5,"ocean_post_title_bg_overlay_color":"","ocean_disable_breadcrumbs":"default","ocean_breadcrumbs_color":"","ocean_breadcrumbs_separator_color":"","ocean_breadcrumbs_links_color":"","ocean_breadcrumbs_links_hover_color":"","ocean_display_footer_widgets":"default","ocean_display_footer_bottom":"default","ocean_custom_footer_template":"0","ocean_post_oembed":"","ocean_post_self_hosted_media":"","ocean_post_video_embed":"","ocean_link_format":"","ocean_link_format_target":"self","ocean_quote_format":"","ocean_quote_format_link":"post","ocean_gallery_link_images":"off","ocean_gallery_id":[],"footnotes":""},"categories":[201],"tags":[],"class_list":["post-1703","post","type-post","status-publish","format-standard","has-post-thumbnail","hentry","category-news","entry","has-media"],"_links":{"self":[{"href":"http:\/\/www.cisv.ch\/fr\/wp-json\/wp\/v2\/posts\/1703","targetHints":{"allow":["GET"]}}],"collection":[{"href":"http:\/\/www.cisv.ch\/fr\/wp-json\/wp\/v2\/posts"}],"about":[{"href":"http:\/\/www.cisv.ch\/fr\/wp-json\/wp\/v2\/types\/post"}],"author":[{"embeddable":true,"href":"http:\/\/www.cisv.ch\/fr\/wp-json\/wp\/v2\/users\/1"}],"replies":[{"embeddable":true,"href":"http:\/\/www.cisv.ch\/fr\/wp-json\/wp\/v2\/comments?post=1703"}],"version-history":[{"count":10,"href":"http:\/\/www.cisv.ch\/fr\/wp-json\/wp\/v2\/posts\/1703\/revisions"}],"predecessor-version":[{"id":1893,"href":"http:\/\/www.cisv.ch\/fr\/wp-json\/wp\/v2\/posts\/1703\/revisions\/1893"}],"wp:featuredmedia":[{"embeddable":true,"href":"http:\/\/www.cisv.ch\/fr\/wp-json\/wp\/v2\/media\/1857"}],"wp:attachment":[{"href":"http:\/\/www.cisv.ch\/fr\/wp-json\/wp\/v2\/media?parent=1703"}],"wp:term":[{"taxonomy":"category","embeddable":true,"href":"http:\/\/www.cisv.ch\/fr\/wp-json\/wp\/v2\/categories?post=1703"},{"taxonomy":"post_tag","embeddable":true,"href":"http:\/\/www.cisv.ch\/fr\/wp-json\/wp\/v2\/tags?post=1703"}],"curies":[{"name":"wp","href":"https:\/\/api.w.org\/{rel}","templated":true}]}}